{"id":311359,"date":"2025-08-11T10:24:11","date_gmt":"2025-08-11T10:24:11","guid":{"rendered":"https:\/\/www.europesays.com\/fr\/311359\/"},"modified":"2025-08-11T10:24:11","modified_gmt":"2025-08-11T10:24:11","slug":"toulon-vit-au-rythme-du-delicore-avec-ses-t-shirts-de-commerces-preferes","status":"publish","type":"post","link":"https:\/\/www.europesays.com\/fr\/311359\/","title":{"rendered":"Toulon vit au rythme du d\u00e9licore avec ses t-shirts de commerces pr\u00e9f\u00e9r\u00e9s"},"content":{"rendered":"<p class=\"has-medium-font-size\">Du caf\u00e9 centenaire au bar branch\u00e9, Toulon adopte la mode \u201cdelicore\u201d : porter les couleurs de son spot pr\u00e9f\u00e9r\u00e9 devient un signe d\u2019appartenance et\u2026 un petit geste militant.<\/p>\n<p class=\"has-medium-font-size\">Ajout\u00e9 dans son \u00e9dition 2022 du dico des n\u00e9ologismes par le New York Post, le \u201cdelicore\u201d s\u2019invite d\u00e9sormais sur les quais toulonnais.<\/p>\n<p class=\"has-medium-font-size\">Plus qu\u2019un simple objet publicitaire, le t-shirt de commerce local devient une pi\u00e8ce de mode \u00e0 part enti\u00e8re. <\/p>\n<p class=\"has-medium-font-size\"><a href=\"https:\/\/www.varmatin.com\/vie-locale\/la-fievre-du-delicore-touche-la-ville-997394\" rel=\"nofollow noopener\" target=\"_blank\">Var Matin expliquait le 9 ao\u00fbt 2025<\/a> que des lieux embl\u00e9matiques comme les Caf\u00e9s Maurice, install\u00e9s depuis plus d\u2019un si\u00e8cle, voient leurs clients r\u00e9clamer fi\u00e8rement le t-shirt maison. <\/p>\n<p class=\"has-medium-font-size\">Au d\u00e9part imagin\u00e9 comme uniforme pratique pour le personnel, il est vite devenu un produit demand\u00e9 par les habitu\u00e9s. <\/p>\n<p class=\"has-medium-font-size\">M\u00eame logique pour Le Petit Chicago, La Cale S\u00e8che ou le Barathym, qui, en partenariat avec des marques r\u00e9gionales, proposent des mod\u00e8les graphiques en s\u00e9ries limit\u00e9es.<\/p>\n<p>L\u2019appartenance, moteur de la tendance<\/p>\n<p class=\"has-medium-font-size\">Si le succ\u00e8s est au rendez-vous, ce n\u2019est pas qu\u2019une question de style. <\/p>\n<p class=\"has-medium-font-size\">\u00ab Je pense que les gens aiment ce sentiment d\u2019appartenance que cela leur procure \u00bb, confie Boris Touaty, dirigeant des Caf\u00e9s Maurice. <\/p>\n<p class=\"has-medium-font-size\">Son confr\u00e8re S\u00e9bastien Rom\u00e9ro, g\u00e9rant de plusieurs \u00e9tablissements, \u00e9voque aussi l\u2019attrait de la raret\u00e9 : cinquante ou cent exemplaires par mod\u00e8le, pas plus. <\/p>\n<p class=\"has-medium-font-size\">R\u00e9sultat : chaque t-shirt devient un signe de soutien \u00e0 son bar pr\u00e9f\u00e9r\u00e9, presque un drapeau que l\u2019on porte sur soi. <\/p>\n<p class=\"has-medium-font-size\">Dans un monde satur\u00e9 de marques internationales, afficher un logo local, c\u2019est dire : \u00ab Ici, c\u2019est chez moi \u00bb.<\/p>\n<p class=\"has-medium-font-size\">Chez Juste Milieu, on ne va pas se plaindre : voir la mode mettre en lumi\u00e8re les commerces de quartier, c\u2019est un \u201cfashion statement\u201d qu\u2019on approuve sans r\u00e9serve ! <\/p>\n<p class=\"has-medium-font-size\">Et si vous cherchez, vous aussi, \u00e0 afficher votre soutien, sachez qu\u2019il n\u2019y a pas que Toulon qui a ses t-shirts iconiques\u2026 il y a aussi notre boutique officielle !<\/p>\n<p>\t\tContinue Reading<\/p>\n","protected":false},"excerpt":{"rendered":"Du caf\u00e9 centenaire au bar branch\u00e9, Toulon adopte la mode \u201cdelicore\u201d : porter les couleurs de son spot&hellip;\n","protected":false},"author":2,"featured_media":311360,"comment_status":"","ping_status":"","sticky":false,"template":"","format":"standard","meta":{"footnotes":""},"categories":[9619],"tags":[17,1111,11,45132,1777,674,1011,27,45133,45134,12,882,25,2310],"class_list":{"0":"post-311359","1":"post","2":"type-post","3":"status-publish","4":"format-standard","5":"has-post-thumbnail","7":"category-toulon","8":"tag-17","9":"tag-actu","10":"tag-actualites","11":"tag-delicore","12":"tag-eu","13":"tag-europe","14":"tag-fr","15":"tag-france","16":"tag-juste-boutique","17":"tag-mode-locale","18":"tag-news","19":"tag-provence-alpes-cote-dazur","20":"tag-republique-francaise","21":"tag-toulon"},"share_on_mastodon":{"url":"https:\/\/pubeurope.com\/@fr\/115009648293856776","error":""},"_links":{"self":[{"href":"https:\/\/www.europesays.com\/fr\/wp-json\/wp\/v2\/posts\/311359","targetHints":{"allow":["GET"]}}],"collection":[{"href":"https:\/\/www.europesays.com\/fr\/wp-json\/wp\/v2\/posts"}],"about":[{"href":"https:\/\/www.europesays.com\/fr\/wp-json\/wp\/v2\/types\/post"}],"author":[{"embeddable":true,"href":"https:\/\/www.europesays.com\/fr\/wp-json\/wp\/v2\/users\/2"}],"replies":[{"embeddable":true,"href":"https:\/\/www.europesays.com\/fr\/wp-json\/wp\/v2\/comments?post=311359"}],"version-history":[{"count":0,"href":"https:\/\/www.europesays.com\/fr\/wp-json\/wp\/v2\/posts\/311359\/revisions"}],"wp:featuredmedia":[{"embeddable":true,"href":"https:\/\/www.europesays.com\/fr\/wp-json\/wp\/v2\/media\/311360"}],"wp:attachment":[{"href":"https:\/\/www.europesays.com\/fr\/wp-json\/wp\/v2\/media?parent=311359"}],"wp:term":[{"taxonomy":"category","embeddable":true,"href":"https:\/\/www.europesays.com\/fr\/wp-json\/wp\/v2\/categories?post=311359"},{"taxonomy":"post_tag","embeddable":true,"href":"https:\/\/www.europesays.com\/fr\/wp-json\/wp\/v2\/tags?post=311359"}],"curies":[{"name":"wp","href":"https:\/\/api.w.org\/{rel}","templated":true}]}}