{"id":311365,"date":"2025-08-11T10:27:09","date_gmt":"2025-08-11T10:27:09","guid":{"rendered":"https:\/\/www.europesays.com\/fr\/311365\/"},"modified":"2025-08-11T10:27:09","modified_gmt":"2025-08-11T10:27:09","slug":"dans-lagglo-de-rouen-ils-cambriolent-une-belle-propriete-et-y-volent-des-biens-dexception","status":"publish","type":"post","link":"https:\/\/www.europesays.com\/fr\/311365\/","title":{"rendered":"Dans l&rsquo;agglo de Rouen, ils cambriolent une belle propri\u00e9t\u00e9 et y volent des biens d&rsquo;exception"},"content":{"rendered":"<p>            Par<br \/>\n        <strong><br \/>\n            <a href=\"https:\/\/actu.fr\/auteur\/julien-bouteiller\" title=\"Consulter tous les articles de Julien Bouteiller\" rel=\"nofollow noopener\" target=\"_blank\">Julien Bouteiller<\/a><br \/>\n        <\/strong><\/p>\n<p>        Publi\u00e9 le<\/p>\n<p>            11 ao\u00fbt 2025 \u00e0 11h37        <\/p>\n<p><strong>Ils pensaient repartir avec un beau butin<\/strong> mais ont \u00e9t\u00e9 rattrap\u00e9s par la patrouille. Dans la nuit du 7 au 8\u00a0ao\u00fbt 2025, trois jeunes hommes ont \u00e9t\u00e9 interpell\u00e9s pour <strong>le cambriolage d\u2019une belle propri\u00e9t\u00e9<\/strong> de <a href=\"https:\/\/actu.fr\/normandie\/cleon_76178\" rel=\"nofollow noopener\" target=\"_blank\">Cl\u00e9on<\/a>, dans l\u2019agglom\u00e9ration de Rouen, apprend-on de source polici\u00e8re.<\/p>\n<p>Un butin d\u2019exception pour les cambrioleurs<\/p>\n<p class=\" wall-content\">C\u2019est un voisin qui, entendant le bris d\u2019une vitre, alerte la police,<strong> aux alentours d\u20191h du matin<\/strong>. Une patrouille de la canine se rend sur les lieux, \u00ab\u2009une tr\u00e8s grande propri\u00e9t\u00e9 avec des murs tr\u00e8s hauts, un grand portail et plusieurs b\u00e2timents dans l\u2019enceinte\u2009\u00bb.<\/p>\n<p class=\" wall-content\">Voyant les policiers, les trois suspects tentent de fuir mais sont <strong>stopp\u00e9s par la hauteur du portail.<\/strong><\/p>\n<p class=\" wall-content\">Sur eux, outre de la r\u00e9sine de cannabis, les agents retrouvent un butin pour le moins insolite\u2009: <strong>\u00ab\u2009des fl\u00e8ches de comp\u00e9tition et deux \u0153ufs de type Faberg\u00e9\u2009\u00bb<\/strong> ainsi qu\u2019une figurine de chat, dont un des suspects dira <strong>\u00ab\u2009qu\u2019il la trouvait jolie\u2009\u00bb<\/strong>.<\/p>\n<p class=\" wall-content\">Les trois hommes \u00e2g\u00e9s de 23, 22 et 20\u00a0ans sont interpell\u00e9s et plac\u00e9s en garde \u00e0 vue.<\/p>\n<p>Suivez l\u2019actualit\u00e9 de Rouen <a href=\"https:\/\/www.whatsapp.com\/channel\/0029VaKfnf99hXF2ddApFB1D\" rel=\"nofollow noopener\" target=\"_blank\">sur notre cha\u00eene WhatsApp<\/a> et <a href=\"https:\/\/www.tiktok.com\/@76actu.fr?lang=fr\" rel=\"nofollow noopener\" target=\"_blank\">sur notre compte TikTok<\/a><\/p>\n<p class=\" wall-content\">Suivez toute l\u2019actualit\u00e9 de vos villes et m\u00e9dias favoris en vous inscrivant \u00e0 <a href=\"https:\/\/moncompte.actu.fr\" title=\"D\u00e9couvez Mon Actu\" rel=\"nofollow noopener\" data-trk=\"{&quot;cta&quot;:{&quot;action&quot;:&quot;https:\\\/\\\/moncompte.actu.fr&quot;,&quot;category&quot;:&quot;mon compte&quot;,&quot;from&quot;:&quot;article footer&quot;,&quot;name&quot;:&quot;Mon actu&quot;,&quot;type&quot;:&quot;cta&quot;}}\" target=\"_blank\">Mon Actu<\/a>.<\/p>\n<p>                    <script async src=\"\/\/www.tiktok.com\/embed.js\"><\/script><\/p>\n","protected":false},"excerpt":{"rendered":"Par Julien Bouteiller Publi\u00e9 le 11 ao\u00fbt 2025 \u00e0 11h37 Ils pensaient repartir avec un beau butin mais&hellip;\n","protected":false},"author":2,"featured_media":311366,"comment_status":"","ping_status":"","sticky":false,"template":"","format":"standard","meta":{"footnotes":""},"categories":[9587],"tags":[1111,11,1174,1777,674,118,1011,27,1757,12,5161,1072,25,9590],"class_list":{"0":"post-311365","1":"post","2":"type-post","3":"status-publish","4":"format-standard","5":"has-post-thumbnail","7":"category-rouen","8":"tag-actu","9":"tag-actualites","10":"tag-cambriolage","11":"tag-eu","12":"tag-europe","13":"tag-faits-divers","14":"tag-fr","15":"tag-france","16":"tag-insolite","17":"tag-news","18":"tag-normandie","19":"tag-police","20":"tag-republique-francaise","21":"tag-rouen"},"share_on_mastodon":{"url":"https:\/\/pubeurope.com\/@fr\/115009660044956251","error":""},"_links":{"self":[{"href":"https:\/\/www.europesays.com\/fr\/wp-json\/wp\/v2\/posts\/311365","targetHints":{"allow":["GET"]}}],"collection":[{"href":"https:\/\/www.europesays.com\/fr\/wp-json\/wp\/v2\/posts"}],"about":[{"href":"https:\/\/www.europesays.com\/fr\/wp-json\/wp\/v2\/types\/post"}],"author":[{"embeddable":true,"href":"https:\/\/www.europesays.com\/fr\/wp-json\/wp\/v2\/users\/2"}],"replies":[{"embeddable":true,"href":"https:\/\/www.europesays.com\/fr\/wp-json\/wp\/v2\/comments?post=311365"}],"version-history":[{"count":0,"href":"https:\/\/www.europesays.com\/fr\/wp-json\/wp\/v2\/posts\/311365\/revisions"}],"wp:featuredmedia":[{"embeddable":true,"href":"https:\/\/www.europesays.com\/fr\/wp-json\/wp\/v2\/media\/311366"}],"wp:attachment":[{"href":"https:\/\/www.europesays.com\/fr\/wp-json\/wp\/v2\/media?parent=311365"}],"wp:term":[{"taxonomy":"category","embeddable":true,"href":"https:\/\/www.europesays.com\/fr\/wp-json\/wp\/v2\/categories?post=311365"},{"taxonomy":"post_tag","embeddable":true,"href":"https:\/\/www.europesays.com\/fr\/wp-json\/wp\/v2\/tags?post=311365"}],"curies":[{"name":"wp","href":"https:\/\/api.w.org\/{rel}","templated":true}]}}