{"id":311367,"date":"2025-08-11T10:30:23","date_gmt":"2025-08-11T10:30:23","guid":{"rendered":"https:\/\/www.europesays.com\/fr\/311367\/"},"modified":"2025-08-11T10:30:23","modified_gmt":"2025-08-11T10:30:23","slug":"on-en-sait-plus-sur-les-faits-et-sur-les-motivations-du-suspect","status":"publish","type":"post","link":"https:\/\/www.europesays.com\/fr\/311367\/","title":{"rendered":"on en sait plus sur les faits et sur les motivations du suspect"},"content":{"rendered":"<p itemprop=\"description\"><strong>Dimanche matin, le procureur de la R\u00e9publique de Grenoble, Etienne Manteaux, s\u2019est adress\u00e9 aux journalistes pour faire le point sur l\u2019agression du maire de Villeneuve-de-Marc, survenue le mercredi 6 ao\u00fbt.<\/strong><\/p>\n<p>Aux alentours de 16h30, mercredi dernier, l\u2019agresseur a frapp\u00e9, sans dire le moindre mot, l\u2019\u00e9dile, qui \u00e9tait en train d\u2019enlever du lierre sur le mur de son domicile, avec un morceau de ferraille. Le maire a \u00e9t\u00e9 touch\u00e9 au thorax et au bras, entra\u00eenant d\u2019abord l\u2019engagement de son pronostic vital, puis causant ensuite 15 jours d\u2019incapacit\u00e9 totale de travail.<\/p>\n<p>Quelques minutes plus tard, l\u2019individu est revenu \u00e0 la charge en tentant de foncer sur le maire et son fils. Les deux ont r\u00e9ussi \u00e0 \u00e9viter la voiture, qui s\u2019est ensuite retrouv\u00e9 dans le mur de sout\u00e8nement de la maison.<\/p>\n<p>Pour \u00e9viter d\u2019\u00eatre arr\u00eat\u00e9, le suspect a pris la fuite dans les bois \u00ab\u00a0o\u00f9 il va errer 36 heures jusqu\u2019\u00e0 son interpellation \u00e0 11 h 30, le 8 ao\u00fbt, \u00e0 Charantonnay\u00a0\u00bb, comme le pr\u00e9cise le procureur de la R\u00e9publique.<\/p>\n<p>Interpell\u00e9 et plac\u00e9 en garde \u00e0 vue, l\u2019homme a expliqu\u00e9 avoir commis ces actes suite \u00e0 un litige avec le maire de Villeneuve-de-Marc concernant l\u2019effondrement d\u2019un b\u00e2timent.<\/p>\n<p>Ce dimanche, le suspect, \u00e2g\u00e9 de 60 ans et sans ant\u00e9c\u00e9dent judiciaire, a \u00e9t\u00e9 pr\u00e9sent\u00e9 \u00e0 une juge d\u2019instruction et mis en examen pour \u00ab\u00a0tentative de meurtre sur personne d\u00e9positaire de l\u2019autorit\u00e9 publique\u00a0\u00bb et \u00ab\u00a0tentative de meurtre pr\u00e9c\u00e9d\u00e9 d\u2019un autre crime\u00a0\u00bb.<\/p>\n<p>Plac\u00e9 en d\u00e9tention provisoire, il encourt \u00e0 la r\u00e9clusion criminelle \u00e0 perp\u00e9tuit\u00e9.<\/p>\n","protected":false},"excerpt":{"rendered":"Dimanche matin, le procureur de la R\u00e9publique de Grenoble, Etienne Manteaux, s\u2019est adress\u00e9 aux journalistes pour faire le&hellip;\n","protected":false},"author":2,"featured_media":311368,"comment_status":"","ping_status":"","sticky":false,"template":"","format":"standard","meta":{"footnotes":""},"categories":[9566],"tags":[1111,11,7733,8279,2430,7736,650,7734,2889,2263,1777,674,1011,27,2731,8280,6417,1114,108,4662,12,3725,1825,25,7737],"class_list":{"0":"post-311367","1":"post","2":"type-post","3":"status-publish","4":"format-standard","5":"has-post-thumbnail","7":"category-grenoble","8":"tag-actu","9":"tag-actualites","10":"tag-alpes","11":"tag-alpes1","12":"tag-auvergne-rhone-alpes","13":"tag-cds","14":"tag-cinema","15":"tag-ecoute","16":"tag-emission","17":"tag-equipe","18":"tag-eu","19":"tag-europe","20":"tag-fr","21":"tag-france","22":"tag-grenoble","23":"tag-haute","24":"tag-information","25":"tag-infos","26":"tag-isere","27":"tag-journal","28":"tag-news","29":"tag-podcast","30":"tag-radio","31":"tag-republique-francaise","32":"tag-winamp"},"share_on_mastodon":{"url":"https:\/\/pubeurope.com\/@fr\/115009671944363189","error":""},"_links":{"self":[{"href":"https:\/\/www.europesays.com\/fr\/wp-json\/wp\/v2\/posts\/311367","targetHints":{"allow":["GET"]}}],"collection":[{"href":"https:\/\/www.europesays.com\/fr\/wp-json\/wp\/v2\/posts"}],"about":[{"href":"https:\/\/www.europesays.com\/fr\/wp-json\/wp\/v2\/types\/post"}],"author":[{"embeddable":true,"href":"https:\/\/www.europesays.com\/fr\/wp-json\/wp\/v2\/users\/2"}],"replies":[{"embeddable":true,"href":"https:\/\/www.europesays.com\/fr\/wp-json\/wp\/v2\/comments?post=311367"}],"version-history":[{"count":0,"href":"https:\/\/www.europesays.com\/fr\/wp-json\/wp\/v2\/posts\/311367\/revisions"}],"wp:featuredmedia":[{"embeddable":true,"href":"https:\/\/www.europesays.com\/fr\/wp-json\/wp\/v2\/media\/311368"}],"wp:attachment":[{"href":"https:\/\/www.europesays.com\/fr\/wp-json\/wp\/v2\/media?parent=311367"}],"wp:term":[{"taxonomy":"category","embeddable":true,"href":"https:\/\/www.europesays.com\/fr\/wp-json\/wp\/v2\/categories?post=311367"},{"taxonomy":"post_tag","embeddable":true,"href":"https:\/\/www.europesays.com\/fr\/wp-json\/wp\/v2\/tags?post=311367"}],"curies":[{"name":"wp","href":"https:\/\/api.w.org\/{rel}","templated":true}]}}