{"id":311369,"date":"2025-08-11T10:31:11","date_gmt":"2025-08-11T10:31:11","guid":{"rendered":"https:\/\/www.europesays.com\/fr\/311369\/"},"modified":"2025-08-11T10:31:11","modified_gmt":"2025-08-11T10:31:11","slug":"lyon-grenoble-et-clermont-ferrand-les-moteurs-de-lattractivite-regionale","status":"publish","type":"post","link":"https:\/\/www.europesays.com\/fr\/311369\/","title":{"rendered":"Lyon, Grenoble et Clermont-Ferrand : Les moteurs de l\u2019attractivit\u00e9 r\u00e9gionale"},"content":{"rendered":"<p>Selon l\u2019\u00e9tude fleuve Les M\u00e9tiers en 2030, Quelles perspectives de recrutement en r\u00e9gion ?, publi\u00e9e par <a href=\"https:\/\/www.strategie.gouv.fr\" target=\"_blank\" rel=\"noreferrer noopener nofollow\">France Strat\u00e9gie<\/a> et la <a href=\"https:\/\/dares.travail-emploi.gouv.fr\" target=\"_blank\" rel=\"noreferrer noopener nofollow\">Dares<\/a>, plus de 100\u00a0000 postes seront \u00e0 pourvoir chaque ann\u00e9e en Auvergne-Rh\u00f4ne-Alpes d\u2019ici \u00e0 la fin de la d\u00e9cennie, dont 5\u00a0000 pourraient \u00eatre occup\u00e9s par des travailleurs venus d\u2019autres r\u00e9gions. Et pour cause, avec 3,3\u00a0millions d\u2019actifs en emploi et une projection positive de cr\u00e9ations nettes d\u2019emploi, la r\u00e9gion est une des plus dynamiques de France. <\/p>\n<p>\u00ab\u00a0L\u2019Auvergne-Rh\u00f4ne-Alpes dans son ensemble, c\u2019est un bassin tr\u00e8s attractif pour les candidats et pour les travailleurs, en particulier sur le secteur industriel, historiquement fort dans la r\u00e9gion, confirme David \u00adCharbonnier, directeur r\u00e9gional Est de ManpowerGroup, install\u00e9 \u00e0 Lyon. C\u2019est aussi un territoire d\u2019innovation, avec beaucoup d\u2019investissements et de cr\u00e9ations d\u2019emplois dans les industries, les nouvelles technologies, les \u00e9nergies. Lyon est, bien s\u00fbr, le moteur r\u00e9gional, mais les bassins de Grenoble et de Clermont-Ferrand sont aussi attractifs, sans oublier Saint-\u00c9tienne qui n\u2019est qu\u2019\u00e0 60\u00a0km de Lyon.\u00a0\u00bb <\/p>\n<p>Preuve de l\u2019attractivit\u00e9 des grandes villes de la <a href=\"https:\/\/rebondir.fr\/mobilite-professionnelle-quelles-regions-attirent-le-plus\/\" data-type=\"post\" data-id=\"75154\" target=\"_blank\" rel=\"noreferrer noopener nofollow\">r\u00e9gion <\/a>: Lyon se positionne, en 2024, au deuxi\u00e8me rang du classement des tr\u00e8s grandes m\u00e9tropoles les plus attractives de France (apr\u00e8s Toulouse), \u00e9tabli par le <a href=\"https:\/\/www.arthur-loyd.com\" target=\"_blank\" rel=\"noreferrer noopener nofollow\">barom\u00e8tre Arthur Loyd de l\u2019attractivit\u00e9 des territoires<\/a>, apr\u00e8s 7 ans de domination \u00e0 la premi\u00e8re place. Grenoble et Clermont-Ferrand se placent chacune dans le top 10 du classement des grandes m\u00e9tropoles (de 500\u00a0000 \u00e0 un million d\u2019habitants), respectivement 4e et 9e.<\/p>\n<p><strong>Lyon, locomotive r\u00e9gionale et cador national<\/strong><\/p>\n<p>\u00c0 elle seule, la m\u00e9tropole du Grand Lyon r\u00e9unit plus de 30\u00a0% des emplois de la r\u00e9gion, dans un march\u00e9 historiquement domin\u00e9 par l\u2019ing\u00e9nierie et l\u2019industrie (premi\u00e8re agglom\u00e9ration industrielle du pays avec plus de 80\u00a0000 postes, ndlr). \u00ab\u00a0\u00c0 Lyon, la majorit\u00e9 des recrutements que nous r\u00e9alisons se font sur des profils plut\u00f4t exp\u00e9riment\u00e9s, avec notamment beaucoup de besoins dans le tertiaire, du fait de la pr\u00e9sence de si\u00e8ges sociaux et de centres de d\u00e9cision r\u00e9gionaux et nationaux, par exemple dans le monde de l\u2019assurance, de la banque et de la finance, rapporte David Charbonnier. Il y a aussi une forte pr\u00e9sence d\u2019activit\u00e9s li\u00e9es \u00e0 la sant\u00e9 et \u00e0 la chimie, avec la Vall\u00e9e de la Chimie qui r\u00e9unit 15\u00a0000 emplois tourn\u00e9s vers la d\u00e9carbonation et la sobri\u00e9t\u00e9 \u00e9nerg\u00e9tique dans le sud de la m\u00e9tropole. Sans oublier le secteur du BTP et des travaux publics, qui conna\u00eet un ralentissement mais qui continue de recruter.\u00a0\u00bb<\/p>\n<p>Pour r\u00e9pondre aux besoins de recrutement des employeurs lyonnais, l\u2019attractivit\u00e9 aupr\u00e8s de profils venus d\u2019ailleurs est un enjeu central, comme l\u2019exprime \u00c9meline Baume, premi\u00e8re vice-pr\u00e9sidente \u00e9cologiste de la M\u00e9tropole, d\u00e9l\u00e9gu\u00e9e entre autres \u00e0 l\u2019\u00e9conomie et au d\u00e9veloppement num\u00e9rique : \u00ab\u00a0En termes de mobilit\u00e9, notre sujet principal, c\u2019est la mobilit\u00e9 de profils interm\u00e9diaires, de bac \u00e0 bac +3. Et notamment sur les m\u00e9tiers productifs et dans l\u2019industrie que quittent un tiers des personnes form\u00e9es. La p\u00e9nurie de candidats est \u00e9norme.\u00a0\u00bb Laurent Kessous, chef d\u2019entreprise de la PME lyonnaise Process Consult, sp\u00e9cialis\u00e9e dans le conseil et l\u2019ing\u00e9nierie des proc\u00e9d\u00e9s industriels dans la chimie, l\u2019\u00e9nergie et la pharmacie, confirme : \u00ab\u00a0Dans nos m\u00e9tiers, on est toujours \u00e0 la recherche de talents, de gens bien form\u00e9s et mobiles. Nos ing\u00e9nieurs interviennent sur des sites de production partout dans la r\u00e9gion, avec notamment le d\u00e9veloppement des biotechnologies, des industries chimiques et des activit\u00e9s de transition \u00e9nerg\u00e9tique comme l\u2019hydrog\u00e8ne. Et \u00e0 Lyon, on n\u2019a pas de probl\u00e8mes pour attirer de nouveaux talents.\u00a0\u00bb<\/p>\n<p><strong>Grenoble, terre d\u2019innovations et de transitions<\/strong><\/p>\n<p>Nich\u00e9e dans les montagnes, la m\u00e9tropole grenobloise a fait de la transition \u00e9nerg\u00e9tique et du d\u00e9veloppement des \u00e9nergies renouvelables et des nouvelles technologies sa priorit\u00e9. Et, pour cause, elle a \u00e9t\u00e9 nomm\u00e9e Capitale Verte Europ\u00e9enne en 2022, du fait de ses engagements, et le seul secteur de l\u2019\u00e9nergie y compte 17\u00a0000 emplois (15\u00a0000 dans l\u2019industrie et 2\u00a0000 dans la R&amp;D) concentr\u00e9s dans un rayon de 20\u00a0km, selon l\u2019agence d\u2019attractivit\u00e9 <a href=\"https:\/\/invest-in-grenoble-alpes.com\" target=\"_blank\" rel=\"noreferrer noopener nofollow\">Invest in Grenoble Alpes<\/a>. <\/p>\n<p>Entre autres grands pourvoyeurs d\u2019emploi locaux, EDF y a install\u00e9 son p\u00f4le d\u2019excellence EDF Hydro (1\u00a0200 salari\u00e9s), Air Liquide y d\u00e9veloppe ses activit\u00e9s de stockage d\u2019hydrog\u00e8ne et le pionnier des batteries \u00e9lectriques <a href=\"https:\/\/verkor.com\" target=\"_blank\" rel=\"noreferrer noopener nofollow\">Verkor<\/a> y a son si\u00e8ge. Des activit\u00e9s notamment friandes de profils en reconversion.<\/p>\n<p>              Retrouvez l\u2019int\u00e9gralit\u00e9 de cet article dans le n\u00b0285 de Rebondir. Disponible sur notre boutique en ligne.<\/p>\n<p>                          <a class=\"button c-black bg-white\" href=\"https:\/\/rebondir.fr\/produit\/rebondir-285-mai-juin-2025\/\" rel=\"nofollow noopener\" target=\"_blank\">Acheter le num\u00e9ro<\/a><\/p>\n<p>        <img loading=\"lazy\" decoding=\"async\" width=\"277\" height=\"370\" src=\"data:image\/svg+xml,%3Csvg%20xmlns=\" http:=\"\" class=\"u-img\" alt=\"\" data-lazy- data-lazy- data-lazy-src=\"https:\/\/www.europesays.com\/fr\/wp-content\/uploads\/2025\/08\/Rebondir_285-277x370.jpg\"\/><\/p>\n","protected":false},"excerpt":{"rendered":"Selon l\u2019\u00e9tude fleuve Les M\u00e9tiers en 2030, Quelles perspectives de recrutement en r\u00e9gion ?, publi\u00e9e par France Strat\u00e9gie&hellip;\n","protected":false},"author":2,"featured_media":311370,"comment_status":"","ping_status":"","sticky":false,"template":"","format":"standard","meta":{"footnotes":""},"categories":[9566],"tags":[1111,11,2430,1777,674,1011,27,2731,12,25],"class_list":{"0":"post-311369","1":"post","2":"type-post","3":"status-publish","4":"format-standard","5":"has-post-thumbnail","7":"category-grenoble","8":"tag-actu","9":"tag-actualites","10":"tag-auvergne-rhone-alpes","11":"tag-eu","12":"tag-europe","13":"tag-fr","14":"tag-france","15":"tag-grenoble","16":"tag-news","17":"tag-republique-francaise"},"share_on_mastodon":{"url":"https:\/\/pubeurope.com\/@fr\/115009675834387309","error":""},"_links":{"self":[{"href":"https:\/\/www.europesays.com\/fr\/wp-json\/wp\/v2\/posts\/311369","targetHints":{"allow":["GET"]}}],"collection":[{"href":"https:\/\/www.europesays.com\/fr\/wp-json\/wp\/v2\/posts"}],"about":[{"href":"https:\/\/www.europesays.com\/fr\/wp-json\/wp\/v2\/types\/post"}],"author":[{"embeddable":true,"href":"https:\/\/www.europesays.com\/fr\/wp-json\/wp\/v2\/users\/2"}],"replies":[{"embeddable":true,"href":"https:\/\/www.europesays.com\/fr\/wp-json\/wp\/v2\/comments?post=311369"}],"version-history":[{"count":0,"href":"https:\/\/www.europesays.com\/fr\/wp-json\/wp\/v2\/posts\/311369\/revisions"}],"wp:featuredmedia":[{"embeddable":true,"href":"https:\/\/www.europesays.com\/fr\/wp-json\/wp\/v2\/media\/311370"}],"wp:attachment":[{"href":"https:\/\/www.europesays.com\/fr\/wp-json\/wp\/v2\/media?parent=311369"}],"wp:term":[{"taxonomy":"category","embeddable":true,"href":"https:\/\/www.europesays.com\/fr\/wp-json\/wp\/v2\/categories?post=311369"},{"taxonomy":"post_tag","embeddable":true,"href":"https:\/\/www.europesays.com\/fr\/wp-json\/wp\/v2\/tags?post=311369"}],"curies":[{"name":"wp","href":"https:\/\/api.w.org\/{rel}","templated":true}]}}