{"id":311371,"date":"2025-08-11T10:32:09","date_gmt":"2025-08-11T10:32:09","guid":{"rendered":"https:\/\/www.europesays.com\/fr\/311371\/"},"modified":"2025-08-11T10:32:09","modified_gmt":"2025-08-11T10:32:09","slug":"la-collecte-des-poubelles-et-les-decheteries-adaptent-leurs-horaires","status":"publish","type":"post","link":"https:\/\/www.europesays.com\/fr\/311371\/","title":{"rendered":"la collecte des poubelles et les d\u00e9ch\u00e8teries adaptent leurs horaires"},"content":{"rendered":"<p>            Par<br \/>\n        <strong><br \/>\n            <a href=\"https:\/\/actu.fr\/auteur\/lou-batteux\" title=\"Consulter tous les articles de Lou Batteux\" target=\"_blank\" rel=\"noopener\">Lou Batteux<\/a><br \/>\n        <\/strong><\/p>\n<p>        Publi\u00e9 le<\/p>\n<p>            11 ao\u00fbt 2025 \u00e0 11h52        <\/p>\n<p>Lundi 11\u00a0ao\u00fbt, <a href=\"https:\/\/actu.fr\/bretagne\/rennes_35238\/pic-de-chaleur-a-rennes-et-en-ille-et-vilaine-meteo-france-declenche-la-vigilance-canicule_63020678.html\" target=\"_blank\" rel=\"noopener\">M\u00e9t\u00e9o France place l\u2019Ille-et-Vilaine en vigilance canicule<\/a>. Face \u00e0 ce pic de chaleur, Rennes M\u00e9tropole a d\u00e9cid\u00e9 de <strong>prot\u00e9ger ses \u00e9boueurs et agents de d\u00e9ch\u00e8terie<\/strong> en adaptant leurs horaires de travail.<\/p>\n<p class=\" wall-content\">La m\u00e9tropole informe qu\u2019en fonction de l\u2019\u00e9volution de la situation m\u00e9t\u00e9orologique, \u00ab\u2009ces dispositions pourraient \u00eatre <strong>prolong\u00e9es<\/strong> sur la suite de la semaine\u2009\u00bb.<\/p>\n<p>Quand les d\u00e9chets sont-ils collect\u00e9s\u2009?<\/p>\n<p class=\" wall-content\">En ce qui concerne les <strong>collectes des ordures m\u00e9nag\u00e8res et des d\u00e9chets recyclables<\/strong>, elles sont modifi\u00e9es pour l\u2019ensemble des communes de Rennes M\u00e9tropole et des quartiers rennais (il n\u2019y a pas de collecte le lundi dans le centre-ville de Rennes).<\/p>\n<p class=\" wall-content\">L\u2019objectif\u2009: \u00ab\u2009\u00e9viter aux agents en charge de la collecte des d\u00e9chets une <strong>exposition aux heures les plus chaudes<\/strong> de la journ\u00e9e\u2009\u00bb, explique Rennes M\u00e9tropole.<\/p>\n<p class=\" wall-content\">Lundi 11\u00a0ao\u00fbt, les collectes du matin ont d\u00e9marr\u00e9 \u00e0 <strong>5h<\/strong> (au lieu de 6h) et celles de l\u2019apr\u00e8s-midi d\u00e9buteront \u00e0 <strong>17h<\/strong> et se d\u00e9rouleront jusqu\u2019\u00e0 <strong>1h<\/strong>, le mardi 12\u00a0ao\u00fbt. \u00ab\u2009Les habitants concern\u00e9s sont donc invit\u00e9s \u00e0 <strong>sortir leurs bacs en cons\u00e9quence\u2009\u00bb<\/strong>.<\/p>\n<p>Quand se rendre en d\u00e9ch\u00e8terie\u2009?<\/p>\n<p class=\" wall-content\">Les <strong>horaires des d\u00e9ch\u00e8teries m\u00e9tropolitaines<\/strong> sont \u00e9galement am\u00e9nag\u00e9s ce lundi 11\u00a0ao\u00fbt, notamment sur les sites qui ne disposent <strong>pas d\u2019auvent<\/strong> pour la protection des usagers et des agents.<\/p>\n<p class=\" wall-content\">Les d\u00e9ch\u00e8teries et plateformes habituellement ouvertes <strong>toute la journ\u00e9e<\/strong> ne vous accueilleront que <strong>de 9h \u00e0 13h30<\/strong> aujourd\u2019hui.<\/p>\n<p class=\" wall-content\">Les d\u00e9ch\u00e8teries et plateformes habituellement <strong>ouvertes le matin<\/strong> et ferm\u00e9es l\u2019apr\u00e8s-midi fermeront leurs portes d\u00e8s <strong>12h <\/strong>ce lundi.<\/p>\n<p class=\" wall-content\">Les d\u00e9ch\u00e8teries et plateformes habituellement ferm\u00e9es le matin seront <strong>ferm\u00e9es toute la journ\u00e9e<\/strong>.<\/p>\n<p class=\" wall-content\">Seule la <strong>d\u00e9ch\u00e8terie de Saint-Jacques-de-la-Lande<\/strong> reste ouverte aux horaires habituels, de <strong>9h \u00e0 12h et de 14h \u00e0 18h<\/strong>, du fait de sa large zone ombrag\u00e9e.<\/p>\n<p class=\" wall-content\">Suivez toute l\u2019actualit\u00e9 de vos villes et m\u00e9dias favoris en vous inscrivant \u00e0 <a href=\"https:\/\/moncompte.actu.fr\" title=\"D\u00e9couvez Mon Actu\" rel=\"nofollow noopener\" data-trk=\"{&quot;cta&quot;:{&quot;action&quot;:&quot;https:\\\/\\\/moncompte.actu.fr&quot;,&quot;category&quot;:&quot;mon compte&quot;,&quot;from&quot;:&quot;article footer&quot;,&quot;name&quot;:&quot;Mon actu&quot;,&quot;type&quot;:&quot;cta&quot;}}\" target=\"_blank\">Mon Actu<\/a>.<\/p>\n","protected":false},"excerpt":{"rendered":"Par Lou Batteux Publi\u00e9 le 11 ao\u00fbt 2025 \u00e0 11h52 Lundi 11\u00a0ao\u00fbt, M\u00e9t\u00e9o France place l\u2019Ille-et-Vilaine en vigilance&hellip;\n","protected":false},"author":2,"featured_media":213535,"comment_status":"","ping_status":"","sticky":false,"template":"","format":"standard","meta":{"footnotes":""},"categories":[2821],"tags":[1111,11,829,6698,3008,1777,674,1011,27,12,584,25,104],"class_list":{"0":"post-311371","1":"post","2":"type-post","3":"status-publish","4":"format-standard","5":"has-post-thumbnail","7":"category-rennes","8":"tag-actu","9":"tag-actualites","10":"tag-bretagne","11":"tag-canicule","12":"tag-dechets","13":"tag-eu","14":"tag-europe","15":"tag-fr","16":"tag-france","17":"tag-news","18":"tag-rennes","19":"tag-republique-francaise","20":"tag-societe"},"share_on_mastodon":{"url":"https:\/\/pubeurope.com\/@fr\/115009679741102246","error":""},"_links":{"self":[{"href":"https:\/\/www.europesays.com\/fr\/wp-json\/wp\/v2\/posts\/311371","targetHints":{"allow":["GET"]}}],"collection":[{"href":"https:\/\/www.europesays.com\/fr\/wp-json\/wp\/v2\/posts"}],"about":[{"href":"https:\/\/www.europesays.com\/fr\/wp-json\/wp\/v2\/types\/post"}],"author":[{"embeddable":true,"href":"https:\/\/www.europesays.com\/fr\/wp-json\/wp\/v2\/users\/2"}],"replies":[{"embeddable":true,"href":"https:\/\/www.europesays.com\/fr\/wp-json\/wp\/v2\/comments?post=311371"}],"version-history":[{"count":0,"href":"https:\/\/www.europesays.com\/fr\/wp-json\/wp\/v2\/posts\/311371\/revisions"}],"wp:featuredmedia":[{"embeddable":true,"href":"https:\/\/www.europesays.com\/fr\/wp-json\/wp\/v2\/media\/213535"}],"wp:attachment":[{"href":"https:\/\/www.europesays.com\/fr\/wp-json\/wp\/v2\/media?parent=311371"}],"wp:term":[{"taxonomy":"category","embeddable":true,"href":"https:\/\/www.europesays.com\/fr\/wp-json\/wp\/v2\/categories?post=311371"},{"taxonomy":"post_tag","embeddable":true,"href":"https:\/\/www.europesays.com\/fr\/wp-json\/wp\/v2\/tags?post=311371"}],"curies":[{"name":"wp","href":"https:\/\/api.w.org\/{rel}","templated":true}]}}