{"id":311372,"date":"2025-08-11T10:33:11","date_gmt":"2025-08-11T10:33:11","guid":{"rendered":"https:\/\/www.europesays.com\/fr\/311372\/"},"modified":"2025-08-11T10:33:11","modified_gmt":"2025-08-11T10:33:11","slug":"securite-rennes-marseille-2025-espace-presse-actualites","status":"publish","type":"post","link":"https:\/\/www.europesays.com\/fr\/311372\/","title":{"rendered":"S\u00e9curit\u00e9 | Rennes \u2014 Marseille &#8211; 2025 &#8211; Espace presse &#8211; Actualit\u00e9s"},"content":{"rendered":"<p>                                                                                                                                                                               S\u00e9curit\u00e9 | Rennes \u2014 Marseille &#8211;<br \/>\n                                2025 &#8211;<br \/>\n                                Espace presse &#8211;<br \/>\n                                Actualit\u00e9s &#8211;<br \/>\n                                                            Les services de l&rsquo;\u00c9tat en Ille-et-Vilaine<\/p>\n<p>            &#13;<br \/>\n    &#13;<\/p>\n<p>\n            Mis \u00e0 jour le\u00a011\/08\/2025\n        <\/p>\n<p>                                                                                                    <img decoding=\"async\" class=\"fr-responsive-img\" src=\"https:\/\/www.europesays.com\/fr\/wp-content\/uploads\/2025\/08\/Securite-Rennes-Marseille_large.jpg\" alt=\"\" style=\"aspect-ratio: 1.772972972973;\"\/><\/p>\n<p>En raison du risque av\u00e9r\u00e9 de troubles \u00e0 l&rsquo;ordre public li\u00e9s \u00e0 la rencontre de football entre le Stade rennais football club (SRFC) et l&rsquo;Olympique de Marseille (OM) le vendredi 15 ao\u00fbt 2025 au Roazhon Park, le pr\u00e9fet d&rsquo;Ille-et-Vilaine a pris des mesures de restriction temporaire pour prot\u00e9ger les personnes et les biens.<\/p>\n<p>Les d\u00e9placements de l&rsquo;\u00e9quipe de l&rsquo;Olympique de Marseille sont r\u00e9guli\u00e8rement marqu\u00e9s par des troubles \u00e0 l&rsquo;ordre public r\u00e9sultant du comportement violent de certains supporters. Compte tenu de la d\u00e9t\u00e9rioration des relations entre les supporters \u00ab\u00a0ultras\u00a0\u00bb de Rennes et de Marseille depuis plusieurs ann\u00e9es, le pr\u00e9fet d&rsquo;Ille-et-Vilaine a d\u00e9cid\u00e9 d&rsquo;encadrer la venue des supporters de l&rsquo;Olympique de Marseille ce vendredi 15 ao\u00fbt 2025.<\/p>\n<p>Mesures de restriction<\/p>\n<ul>\n<li>De 9h00 \u00e0 23h59, il est interdit \u00e0 tout supporter de l&rsquo;Olympique de Marseille de se pr\u00e9valoir de cette qualit\u00e9, notamment en affichant une \u00e9charpe, un insigne, un v\u00eatement ou un drapeau permettant d&rsquo;identifier ce club, sur la commune de Rennes, \u00e0 l&rsquo;exception de l&rsquo;enceinte du stade Roazhon Park.<\/li>\n<li>Les supporters qui se rendront au Roazhon Park en transports collectifs (bus et minibus) devront se rendre \u00e0 un point de rendez-vous fix\u00e9 par la direction interd\u00e9partementale de la police nationale. Le d\u00e9placement sera encadr\u00e9 par les forces de l&rsquo;ordre pour les trajets aller et retour vers le stade rennais.<\/li>\n<li>Les supporters qui se rendront directement au Roazhon Park sans se pr\u00e9senter au point de rendez-vous ne seront pas accept\u00e9s au sein du stade.<\/li>\n<li>De 9h00 \u00e0 23h59, sont interdits la possession, le transport et l&rsquo;utilisation de tous p\u00e9tards ou fumig\u00e8nes, drapeaux et banderoles dont les inscriptions appellent \u00e0 la provocation, \u00e0 la violence ou \u00e0 la haine, ainsi que tout objet pouvant \u00eatre utilis\u00e9 comme projectile, sur la commune de Rennes, y compris dans l&rsquo;enceinte et aux abords du stade.<\/li>\n<\/ul>\n<p>La s\u00e9curit\u00e9 et la protection de tous sont la priorit\u00e9 des services de l\u2019\u00c9tat. Les forces de police seront pleinement mobilis\u00e9es, \u00e0 l\u2019occasion de cette rencontre sportive class\u00e9e \u00e0 risque, afin d\u2019assurer le maintien de l\u2019ordre public et le respect de ces mesures<\/p>\n<p>                Les documents utiles<\/p>\n<p>                    Suivez-nous<br \/>\n                        <br \/>sur les r\u00e9seaux sociaux<\/p>\n<p>                                    Choisissez un th\u00e8me pour personnaliser l\u2019apparence du site.<\/p>\n<p>&#13;<\/p>\n","protected":false},"excerpt":{"rendered":"S\u00e9curit\u00e9 | Rennes \u2014 Marseille &#8211; 2025 &#8211; Espace presse &#8211; Actualit\u00e9s &#8211; Les services de l&rsquo;\u00c9tat en&hellip;\n","protected":false},"author":2,"featured_media":311373,"comment_status":"","ping_status":"","sticky":false,"template":"","format":"standard","meta":{"footnotes":""},"categories":[2821],"tags":[1111,11,829,1777,674,1011,27,12,584,25],"class_list":{"0":"post-311372","1":"post","2":"type-post","3":"status-publish","4":"format-standard","5":"has-post-thumbnail","7":"category-rennes","8":"tag-actu","9":"tag-actualites","10":"tag-bretagne","11":"tag-eu","12":"tag-europe","13":"tag-fr","14":"tag-france","15":"tag-news","16":"tag-rennes","17":"tag-republique-francaise"},"share_on_mastodon":{"url":"https:\/\/pubeurope.com\/@fr\/115009683757864242","error":""},"_links":{"self":[{"href":"https:\/\/www.europesays.com\/fr\/wp-json\/wp\/v2\/posts\/311372","targetHints":{"allow":["GET"]}}],"collection":[{"href":"https:\/\/www.europesays.com\/fr\/wp-json\/wp\/v2\/posts"}],"about":[{"href":"https:\/\/www.europesays.com\/fr\/wp-json\/wp\/v2\/types\/post"}],"author":[{"embeddable":true,"href":"https:\/\/www.europesays.com\/fr\/wp-json\/wp\/v2\/users\/2"}],"replies":[{"embeddable":true,"href":"https:\/\/www.europesays.com\/fr\/wp-json\/wp\/v2\/comments?post=311372"}],"version-history":[{"count":0,"href":"https:\/\/www.europesays.com\/fr\/wp-json\/wp\/v2\/posts\/311372\/revisions"}],"wp:featuredmedia":[{"embeddable":true,"href":"https:\/\/www.europesays.com\/fr\/wp-json\/wp\/v2\/media\/311373"}],"wp:attachment":[{"href":"https:\/\/www.europesays.com\/fr\/wp-json\/wp\/v2\/media?parent=311372"}],"wp:term":[{"taxonomy":"category","embeddable":true,"href":"https:\/\/www.europesays.com\/fr\/wp-json\/wp\/v2\/categories?post=311372"},{"taxonomy":"post_tag","embeddable":true,"href":"https:\/\/www.europesays.com\/fr\/wp-json\/wp\/v2\/tags?post=311372"}],"curies":[{"name":"wp","href":"https:\/\/api.w.org\/{rel}","templated":true}]}}