{"id":311374,"date":"2025-08-11T10:34:14","date_gmt":"2025-08-11T10:34:14","guid":{"rendered":"https:\/\/www.europesays.com\/fr\/311374\/"},"modified":"2025-08-11T10:34:14","modified_gmt":"2025-08-11T10:34:14","slug":"holy-moly-un-restaurant-qui-propose-une-cuisine-nord-americaine-savoureuse-vient-douvrir","status":"publish","type":"post","link":"https:\/\/www.europesays.com\/fr\/311374\/","title":{"rendered":"Holy Moly, un restaurant qui propose une cuisine nord-am\u00e9ricaine savoureuse, vient d&rsquo;ouvrir"},"content":{"rendered":"<p>            Par<br \/>\n        <strong><br \/>\n            <a href=\"https:\/\/actu.fr\/auteur\/olivia-kouassi\" title=\"Consulter tous les articles de Olivia Kouassi\" target=\"_blank\" rel=\"noopener\">Olivia Kouassi<\/a><br \/>\n        <\/strong><\/p>\n<p>        Publi\u00e9 le<\/p>\n<p>            11 ao\u00fbt 2025 \u00e0 12h27        <\/p>\n<p>Une r\u00e9conciliation avec<strong> la cuisine nord-am\u00e9ricaine<\/strong>. C\u2019est ce que propose<strong> Holy Moly<\/strong>, un nouveau <a href=\"https:\/\/actu.fr\/tag\/restaurant\" target=\"_blank\" rel=\"noopener\">restaurant<\/a> qui a ouvert ses portes durant l\u2019\u00e9t\u00e9 et remplace le bar Chez mon Ex, boulevard de la Victoire \u00e0 <a href=\"https:\/\/actu.fr\/strasbourg\/\" target=\"_blank\" rel=\"noopener\">Strasbourg<\/a>. On y d\u00e9guste une <strong>cuisine savoureuse et g\u00e9n\u00e9reuse<\/strong>, pr\u00e9par\u00e9e par Eric, le chef cuisinier du restaurant mexicain Besame Mucho.<\/p>\n<p>Ribs, mac &amp; cheese\u2026 une carte vari\u00e9e et g\u00e9n\u00e9reuse<\/p>\n<p class=\" wall-content\">Apr\u00e8s avoir ouvert il y a trois ans Besame Mucho et une \u00e9picerie internationale attenante il y a moins de deux ans, Irma et Eric se sont lanc\u00e9s il y a plusieurs mois dans l\u2019ouverture d\u2019une<strong> troisi\u00e8me adresse,<\/strong> cette fois-ci d\u00e9di\u00e9e \u00e0 la cuisine nord-am\u00e9ricaine. Un hommage aux ann\u00e9es d\u2019\u00e9tude d\u2019Irma pass\u00e9es au Canada.<\/p>\n<p class=\" wall-content\"><strong>Brisket (poitrine), ribs, mac &amp; cheese ou encore sirloin (faux filet)<\/strong>, pendant des mois, Eric a \u00e9tudi\u00e9 la gastronomie am\u00e9ricaine et propose une <strong>carte vari\u00e9e et g\u00e9n\u00e9reuse<\/strong>. Au moins 12h de cuisson est n\u00e9cessaire pour cuire la poitrine de b\u0153uf. La poitrine de porc, servie avec du sirop d\u2019\u00e9rable, est elle marin\u00e9e durant 24h.<\/p>\n<p class=\" wall-content\">Des salades et des burgers viennent compl\u00e9ter une offre assez all\u00e9chante. On vous conseille de venir avec l\u2019app\u00e9tit bien aiguis\u00e9.<\/p>\n<p>    <img   decoding=\"async\" loading=\"lazy\" src=\"https:\/\/www.europesays.com\/fr\/wp-content\/uploads\/2025\/08\/whatsapp-image-2025-08-08-a-152214-6565b23b-960x640.jpg\" alt=\"Les ribs \" width=\"960\" height=\"640\"\/><br \/>\n    Les \u00e9normes travers de b\u0153uf propos\u00e9s par Holy Moly avec diff\u00e9rents accompagnements au choix. (\u00a9OK \/ actu Strasbourg)100 % fait maison<\/p>\n<p class=\" wall-content\"><strong>Tout y est fait maison,<\/strong> des sauces aux frites en passant par les desserts.<\/p>\n<p class=\" wall-content\">Mention sp\u00e9ciale aux <strong>crab cake<\/strong>, ces beignets de crabe particuli\u00e8rement fondants et go\u00fbtus, \u00e0 la sauce barbecue faite maison et \u00e0 la<strong> pecan pie (tarte aux noix de p\u00e9can) absolument divine.<\/strong><\/p>\n<p class=\" wall-content\">\n    <img   decoding=\"async\" loading=\"lazy\" src=\"https:\/\/www.europesays.com\/fr\/wp-content\/uploads\/2025\/08\/whatsapp-image-2025-08-08-a-152214-ac3aaab5-960x640.jpg\" alt=\"Fondants et faits maisons, les crab cake sont l'une des sp\u00e9cialit\u00e9s du restaurant Holy Moly\" width=\"960\" height=\"640\"\/><br \/>\n    Fondants et faits maisons, les crab cake sont l\u2019une des sp\u00e9cialit\u00e9s du restaurant Holy Moly. Les sauces sont toutes faites maison. (\u00a9OK \/ actu Strasbourg)<br \/>\n    <img   decoding=\"async\" loading=\"lazy\" src=\"https:\/\/www.europesays.com\/fr\/wp-content\/uploads\/2025\/08\/whatsapp-image-2025-08-08-a-152214-e1003fa9-960x640.jpg\" alt=\"La pecan pie est l'une des sp\u00e9cialit\u00e9s du nouveau restaurant strasbourgeois d\u00e9di\u00e9 \u00e0 la cuisine nord-am\u00e9ricaine.\" width=\"960\" height=\"640\"\/><br \/>\n    La pecan pie est l\u2019une des sp\u00e9cialit\u00e9s du nouveau restaurant strasbourgeois d\u00e9di\u00e9 \u00e0 la cuisine nord-am\u00e9ricaine. (\u00a9OK\/ actu Strasbourg)<\/p>\n<p>Un, deux ou trois litres de frozen margarita<\/p>\n<p class=\" wall-content\">D\u00e9j\u00e0 servie au Besame Mucho, les restaurateurs proposent ici aussi une de leurs sp\u00e9cialit\u00e9s\u2009: <strong>la frozen margarita<\/strong> (margarita glac\u00e9e, NDLR), mais de mani\u00e8re plut\u00f4t originale.<\/p>\n<p class=\" wall-content\">Pour cette nouvelle adresse, le couple a investi dans une machine \u00e0 granit\u00e9s et sert la boisson alcoolis\u00e9e glac\u00e9e \u00e0 base de t\u00e9quila, go\u00fbt citron ou fraise dans des<strong> ballons de un, deux ou trois litres.<\/strong><\/p>\n<p>    <img   decoding=\"async\" loading=\"lazy\" src=\"https:\/\/www.europesays.com\/fr\/wp-content\/uploads\/2025\/08\/whatsapp-image-2025-08-08-a-152214-51ee990b-960x640.jpg\" alt=\"Les frozen maragrita peuvent \u00eatre servies au verre ou en ballons de un, deux ou trois litres. \" width=\"960\" height=\"640\"\/><br \/>\n    Les frozen margarita peuvent \u00eatre servies au verre ou en ballons de un, deux ou trois litres. (\u00a9OK \/ actu Strasbourg)<\/p>\n<p>Holy Moly, 17 boulevard de la Victoire. Du mardi au samedi de 19h \u00e0 22h.<\/p>\n<p class=\" wall-content\">Suivez toute l\u2019actualit\u00e9 de vos villes et m\u00e9dias favoris en vous inscrivant \u00e0 <a href=\"https:\/\/moncompte.actu.fr\" title=\"D\u00e9couvez Mon Actu\" rel=\"nofollow noopener\" data-trk=\"{&quot;cta&quot;:{&quot;action&quot;:&quot;https:\\\/\\\/moncompte.actu.fr&quot;,&quot;category&quot;:&quot;mon compte&quot;,&quot;from&quot;:&quot;article footer&quot;,&quot;name&quot;:&quot;Mon actu&quot;,&quot;type&quot;:&quot;cta&quot;}}\" target=\"_blank\">Mon Actu<\/a>.<\/p>\n<ul class=\"ac-article-tag wall-content\">\n<li><a href=\"https:\/\/actu.fr\/tag\/nouveaux-commerces\" data-trk=\"{&quot;cta&quot;:{&quot;action&quot;:&quot;Nouveaux commerces&quot;,&quot;category&quot;:&quot;tag&quot;,&quot;from&quot;:&quot;article footer&quot;,&quot;name&quot;:&quot;Nouveaux commerces&quot;,&quot;type&quot;:&quot;cta&quot;}}\" target=\"_blank\" rel=\"noopener\">#Nouveaux commerces<\/a><\/li>\n<li><a href=\"https:\/\/actu.fr\/tag\/restaurant\" data-trk=\"{&quot;cta&quot;:{&quot;action&quot;:&quot;Restaurant&quot;,&quot;category&quot;:&quot;tag&quot;,&quot;from&quot;:&quot;article footer&quot;,&quot;name&quot;:&quot;Restaurant&quot;,&quot;type&quot;:&quot;cta&quot;}}\" target=\"_blank\" rel=\"noopener\">#Restaurant<\/a><\/li>\n<\/ul>\n","protected":false},"excerpt":{"rendered":"Par Olivia Kouassi Publi\u00e9 le 11 ao\u00fbt 2025 \u00e0 12h27 Une r\u00e9conciliation avec la cuisine nord-am\u00e9ricaine. C\u2019est ce&hellip;\n","protected":false},"author":2,"featured_media":311375,"comment_status":"","ping_status":"","sticky":false,"template":"","format":"standard","meta":{"footnotes":""},"categories":[2820],"tags":[1111,11,1777,674,1011,27,775,12,3147,25,1340,104,640],"class_list":{"0":"post-311374","1":"post","2":"type-post","3":"status-publish","4":"format-standard","5":"has-post-thumbnail","7":"category-strasbourg","8":"tag-actu","9":"tag-actualites","10":"tag-eu","11":"tag-europe","12":"tag-fr","13":"tag-france","14":"tag-grand-est","15":"tag-news","16":"tag-nouveaux-commerces","17":"tag-republique-francaise","18":"tag-restaurant","19":"tag-societe","20":"tag-strasbourg"},"share_on_mastodon":{"url":"https:\/\/pubeurope.com\/@fr\/115009687854997371","error":""},"_links":{"self":[{"href":"https:\/\/www.europesays.com\/fr\/wp-json\/wp\/v2\/posts\/311374","targetHints":{"allow":["GET"]}}],"collection":[{"href":"https:\/\/www.europesays.com\/fr\/wp-json\/wp\/v2\/posts"}],"about":[{"href":"https:\/\/www.europesays.com\/fr\/wp-json\/wp\/v2\/types\/post"}],"author":[{"embeddable":true,"href":"https:\/\/www.europesays.com\/fr\/wp-json\/wp\/v2\/users\/2"}],"replies":[{"embeddable":true,"href":"https:\/\/www.europesays.com\/fr\/wp-json\/wp\/v2\/comments?post=311374"}],"version-history":[{"count":0,"href":"https:\/\/www.europesays.com\/fr\/wp-json\/wp\/v2\/posts\/311374\/revisions"}],"wp:featuredmedia":[{"embeddable":true,"href":"https:\/\/www.europesays.com\/fr\/wp-json\/wp\/v2\/media\/311375"}],"wp:attachment":[{"href":"https:\/\/www.europesays.com\/fr\/wp-json\/wp\/v2\/media?parent=311374"}],"wp:term":[{"taxonomy":"category","embeddable":true,"href":"https:\/\/www.europesays.com\/fr\/wp-json\/wp\/v2\/categories?post=311374"},{"taxonomy":"post_tag","embeddable":true,"href":"https:\/\/www.europesays.com\/fr\/wp-json\/wp\/v2\/tags?post=311374"}],"curies":[{"name":"wp","href":"https:\/\/api.w.org\/{rel}","templated":true}]}}