{"id":311376,"date":"2025-08-11T10:35:10","date_gmt":"2025-08-11T10:35:10","guid":{"rendered":"https:\/\/www.europesays.com\/fr\/311376\/"},"modified":"2025-08-11T10:35:10","modified_gmt":"2025-08-11T10:35:10","slug":"strasbourg-dans-ce-bar-les-prix-des-cocktails-varient-toutes-les-15-minutes-comme-a-la-bourse","status":"publish","type":"post","link":"https:\/\/www.europesays.com\/fr\/311376\/","title":{"rendered":"Strasbourg. Dans ce bar, les prix des cocktails varient toutes les 15 minutes comme \u00e0 la Bourse"},"content":{"rendered":"<p>            Par<br \/>\n        <strong><br \/>\n            <a href=\"https:\/\/actu.fr\/auteur\/ivan-capecchi\" title=\"Consulter tous les articles de Ivan CAPECCHI\" rel=\"nofollow noopener\" target=\"_blank\">Ivan CAPECCHI<\/a><br \/>\n        <\/strong><\/p>\n<p>        Publi\u00e9 le<\/p>\n<p>            11 ao\u00fbt 2025 \u00e0 11h23        <\/p>\n<p>Vendredi 8 ao\u00fbt 2025, un<strong> bar-restaurant<\/strong> au concept <a href=\"https:\/\/actu.fr\/insolite\" rel=\"nofollow noopener\" target=\"_blank\">insolite<\/a>, nomm\u00e9 Les Opportunistes, a ouvert en lieu et place du restaurant Le Transsib\u00e9rien, 3 ruelle de la Bruche, \u00e0 <strong>Strasbourg<\/strong>.<\/p>\n<p>Un syst\u00e8me de tarifs inspir\u00e9 de la Bourse<\/p>\n<p class=\" wall-content\">L\u2019originalit\u00e9 du lieu tient surtout \u00e0 son <strong>syst\u00e8me de tarification des boissons inspir\u00e9 des march\u00e9s boursiers<\/strong>.<\/p>\n<p class=\" wall-content\">Trois \u00e9crans install\u00e9s au niveau du bar <strong>affichent en temps r\u00e9el les prix des cocktails, bi\u00e8res, vins et softs<\/strong>.<\/p>\n<p class=\" wall-content\">Ces tarifs<strong> \u00e9voluent \u00e0 la hausse ou \u00e0 la baisse tous les quarts d\u2019heure<\/strong>, selon un algorithme con\u00e7u par l\u2019\u00e9quipe.<\/p>\n<p>Le \u00ab\u00a0krach\u00a0\u00bb : des prix cass\u00e9s pendant trois minutes<\/p>\n<p class=\" wall-content\">\u00c0 une, deux ou trois reprises dans la soir\u00e9e, un \u00ab\u00a0<strong>krach<\/strong>\u00a0\u00bb peut survenir : pendant trois minutes, deux ou trois boissons voient leur <strong>prix chuter de fa\u00e7on spectaculaire<\/strong>.<\/p>\n<p class=\" wall-content\">\u00ab\u00a0Samedi dernier, les <strong>shooters<\/strong> sont ainsi pass\u00e9s \u00e0 <strong>1 \u20ac<\/strong> et les <strong>mojitos<\/strong> \u00e0 <strong>3,50 \u20ac<\/strong>\u00ab\u00a0, glisse Jeremie, le g\u00e9rant de l\u2019\u00e9tablissement.<\/p>\n<p>C\u00f4t\u00e9 cuisine, une carte avec du 100 % fait maison<\/p>\n<p class=\" wall-content\">Au niveau de la cuisine, \u00ab\u00a0on est sur du <strong>100 % fait maison<\/strong>, avec une carte assez courte qui a vocation \u00e0 tourner 3-4 fois par an\u00a0\u00bb, indique le jeune homme de 29 ans.<\/p>\n<p class=\" wall-content\">La carte des Opportunistes alterne <strong>petites assiettes et plats g\u00e9n\u00e9reux<\/strong>. Parmi les incontournables : <strong>poulet croustillant<\/strong> fa\u00e7on asiatique, <strong>houmous<\/strong>, <strong>falafels<\/strong>, <strong>ribs de porc fum\u00e9s<\/strong>, <strong>hot-dog d\u2019agneau confit<\/strong>, <strong>burgers<\/strong> (viande ou v\u00e9g\u00e9tarien) et <strong>curry de l\u00e9gumes<\/strong>.<\/p>\n<p class=\" wall-content\">Le <a href=\"https:\/\/actu.fr\/tag\/restaurant\" rel=\"nofollow noopener\" target=\"_blank\">restaurant<\/a> propose \u00e9galement des accompagnements, dont des <strong>frites \u00e0 la graisse de b\u0153uf<\/strong>, ainsi que des desserts classiques ou revisit\u00e9s, comme le <strong>mille-feuille mascarpone-fraise<\/strong>.<\/p>\n<p class=\" wall-content\">Suivez toute l\u2019actualit\u00e9 de vos villes et m\u00e9dias favoris en vous inscrivant \u00e0 <a href=\"https:\/\/moncompte.actu.fr\" title=\"D\u00e9couvez Mon Actu\" rel=\"nofollow noopener\" data-trk=\"{&quot;cta&quot;:{&quot;action&quot;:&quot;https:\\\/\\\/moncompte.actu.fr&quot;,&quot;category&quot;:&quot;mon compte&quot;,&quot;from&quot;:&quot;article footer&quot;,&quot;name&quot;:&quot;Mon actu&quot;,&quot;type&quot;:&quot;cta&quot;}}\" target=\"_blank\">Mon Actu<\/a>.<\/p>\n","protected":false},"excerpt":{"rendered":"Par Ivan CAPECCHI Publi\u00e9 le 11 ao\u00fbt 2025 \u00e0 11h23 Vendredi 8 ao\u00fbt 2025, un bar-restaurant au concept&hellip;\n","protected":false},"author":2,"featured_media":311377,"comment_status":"","ping_status":"","sticky":false,"template":"","format":"standard","meta":{"footnotes":""},"categories":[2820],"tags":[1111,11,1777,674,1011,27,775,1757,12,25,1340,640],"class_list":{"0":"post-311376","1":"post","2":"type-post","3":"status-publish","4":"format-standard","5":"has-post-thumbnail","7":"category-strasbourg","8":"tag-actu","9":"tag-actualites","10":"tag-eu","11":"tag-europe","12":"tag-fr","13":"tag-france","14":"tag-grand-est","15":"tag-insolite","16":"tag-news","17":"tag-republique-francaise","18":"tag-restaurant","19":"tag-strasbourg"},"share_on_mastodon":{"url":"https:\/\/pubeurope.com\/@fr\/115009691541415816","error":""},"_links":{"self":[{"href":"https:\/\/www.europesays.com\/fr\/wp-json\/wp\/v2\/posts\/311376","targetHints":{"allow":["GET"]}}],"collection":[{"href":"https:\/\/www.europesays.com\/fr\/wp-json\/wp\/v2\/posts"}],"about":[{"href":"https:\/\/www.europesays.com\/fr\/wp-json\/wp\/v2\/types\/post"}],"author":[{"embeddable":true,"href":"https:\/\/www.europesays.com\/fr\/wp-json\/wp\/v2\/users\/2"}],"replies":[{"embeddable":true,"href":"https:\/\/www.europesays.com\/fr\/wp-json\/wp\/v2\/comments?post=311376"}],"version-history":[{"count":0,"href":"https:\/\/www.europesays.com\/fr\/wp-json\/wp\/v2\/posts\/311376\/revisions"}],"wp:featuredmedia":[{"embeddable":true,"href":"https:\/\/www.europesays.com\/fr\/wp-json\/wp\/v2\/media\/311377"}],"wp:attachment":[{"href":"https:\/\/www.europesays.com\/fr\/wp-json\/wp\/v2\/media?parent=311376"}],"wp:term":[{"taxonomy":"category","embeddable":true,"href":"https:\/\/www.europesays.com\/fr\/wp-json\/wp\/v2\/categories?post=311376"},{"taxonomy":"post_tag","embeddable":true,"href":"https:\/\/www.europesays.com\/fr\/wp-json\/wp\/v2\/tags?post=311376"}],"curies":[{"name":"wp","href":"https:\/\/api.w.org\/{rel}","templated":true}]}}