{"id":311378,"date":"2025-08-11T10:36:11","date_gmt":"2025-08-11T10:36:11","guid":{"rendered":"https:\/\/www.europesays.com\/fr\/311378\/"},"modified":"2025-08-11T10:36:11","modified_gmt":"2025-08-11T10:36:11","slug":"un-veritable-chien-de-garde-de-la-mediterranee-quel-est-ce-drole-de-bateau-de-91-metres-qui-vient-faire-escale-a-nice","status":"publish","type":"post","link":"https:\/\/www.europesays.com\/fr\/311378\/","title":{"rendered":"Un v\u00e9ritable \u00ab\u00a0chien de garde\u00a0\u00bb de la M\u00e9diterran\u00e9e: quel est ce dr\u00f4le de bateau de 91 m\u00e8tres qui vient faire escale \u00e0 Nice?"},"content":{"rendered":"<p dir=\"auto\">Long de 91 m\u00e8tres, il est charg\u00e9 de la surveillance du trafic maritime de la M\u00e9diterran\u00e9e.<\/p>\n<p dir=\"auto\">Un vrai \u00ab\u00a0chien de garde\u00a0\u00bb dont la mission est de porter assistance aux navires en difficult\u00e9.<\/p>\n<p dir=\"auto\">Son \u00e9quipage est compos\u00e9 de douze marins. Il arrive directement ce lundi 11 ao\u00fbt de Toulon.<\/p>\n<p dir=\"auto\">Ce b\u00e2timent imposant comporte \u00e9galement une\u00a0zone d\u2019h\u00e9bergement en pr\u00e9vision d\u2019op\u00e9rations humanitaires, pour permettre d\u2019accueillir jusqu&rsquo;\u00e0\u00a0300 personnes.<\/p>\n<p dir=\"auto\">En provenance de Toulon<\/p>\n<p>Le bateau poss\u00e8de un sister ship (r\u00e9plique identique) bas\u00e9e \u00e0 Boulogne-sur-Mer, l\u2019Abeille Normandie.<\/p>\n<p>Il a \u00e9t\u00e9 baptis\u00e9 \u00e0 Toulon le\u00a01er\u00a0juillet 2022, en pr\u00e9sence de sa marraine, la navigatrice Marie Tabarly, fille du c\u00e9l\u00e8bre navigateur.\u00a0<\/p>\n<p dir=\"auto\">En janvier le navire de 25.000 chevaux avait remorqu\u00e9 vers Marseille un p\u00e9trolier de 184 m\u00e8tres, battant pavillon lib\u00e9rien, victime d\u2019un incendie au large de Port-la-Nouvelle (Aude).<\/p>\n","protected":false},"excerpt":{"rendered":"Long de 91 m\u00e8tres, il est charg\u00e9 de la surveillance du trafic maritime de la M\u00e9diterran\u00e9e. Un vrai&hellip;\n","protected":false},"author":2,"featured_media":311379,"comment_status":"","ping_status":"","sticky":false,"template":"","format":"standard","meta":{"footnotes":""},"categories":[2819],"tags":[1111,11,1777,674,1011,27,12,2401,882,25,800],"class_list":{"0":"post-311378","1":"post","2":"type-post","3":"status-publish","4":"format-standard","5":"has-post-thumbnail","7":"category-nice","8":"tag-actu","9":"tag-actualites","10":"tag-eu","11":"tag-europe","12":"tag-fr","13":"tag-france","14":"tag-news","15":"tag-nice","16":"tag-provence-alpes-cote-dazur","17":"tag-republique-francaise","18":"tag-transports"},"share_on_mastodon":{"url":"https:\/\/pubeurope.com\/@fr\/115009695616301817","error":""},"_links":{"self":[{"href":"https:\/\/www.europesays.com\/fr\/wp-json\/wp\/v2\/posts\/311378","targetHints":{"allow":["GET"]}}],"collection":[{"href":"https:\/\/www.europesays.com\/fr\/wp-json\/wp\/v2\/posts"}],"about":[{"href":"https:\/\/www.europesays.com\/fr\/wp-json\/wp\/v2\/types\/post"}],"author":[{"embeddable":true,"href":"https:\/\/www.europesays.com\/fr\/wp-json\/wp\/v2\/users\/2"}],"replies":[{"embeddable":true,"href":"https:\/\/www.europesays.com\/fr\/wp-json\/wp\/v2\/comments?post=311378"}],"version-history":[{"count":0,"href":"https:\/\/www.europesays.com\/fr\/wp-json\/wp\/v2\/posts\/311378\/revisions"}],"wp:featuredmedia":[{"embeddable":true,"href":"https:\/\/www.europesays.com\/fr\/wp-json\/wp\/v2\/media\/311379"}],"wp:attachment":[{"href":"https:\/\/www.europesays.com\/fr\/wp-json\/wp\/v2\/media?parent=311378"}],"wp:term":[{"taxonomy":"category","embeddable":true,"href":"https:\/\/www.europesays.com\/fr\/wp-json\/wp\/v2\/categories?post=311378"},{"taxonomy":"post_tag","embeddable":true,"href":"https:\/\/www.europesays.com\/fr\/wp-json\/wp\/v2\/tags?post=311378"}],"curies":[{"name":"wp","href":"https:\/\/api.w.org\/{rel}","templated":true}]}}