{"id":311388,"date":"2025-08-11T10:41:11","date_gmt":"2025-08-11T10:41:11","guid":{"rendered":"https:\/\/www.europesays.com\/fr\/311388\/"},"modified":"2025-08-11T10:41:11","modified_gmt":"2025-08-11T10:41:11","slug":"n2-cedric-hengbart-je-sais-quils-repondront-presents-a-bordeaux","status":"publish","type":"post","link":"https:\/\/www.europesays.com\/fr\/311388\/","title":{"rendered":"N2. C\u00e9dric Hengbart : \u00ab\u00a0Je sais qu\u2019ils r\u00e9pondront pr\u00e9sents \u00e0 Bordeaux\u00a0\u00bb"},"content":{"rendered":"<p><img decoding=\"async\" src=\"https:\/\/www.europesays.com\/fr\/wp-content\/uploads\/2025\/08\/671_2e65f97b36ab2a2bbab468868fd424f6.jpg\" alt=\"N2. C\u00e9dric Hengbart : &quot;Je sais qu\u2019ils r\u00e9pondront pr\u00e9sents \u00e0 Bordeaux&quot;\" class=\"img-responsive mt-3\"\/><\/p>\n<p class=\"text-center mb-3\" style=\"font-size: 14px\">\u00a9 Iconsport<\/p>\n<p style=\"text-align: justify;\">Ce samedi, Avranches a perdu 2 buts \u00e0 1 face \u00e0 l&rsquo;\u00e9quipe r\u00e9serve du SM Caen qui \u00e9volue en N3. Cela n&rsquo;inqui\u00e8te pas le coach normand qui se projette sur le d\u00e9placement Bordeaux ce samedi 16 ao\u00fbt \u00e0 18h. Il compte aussi sur l&rsquo;exp\u00e9rience de joueurs de son effectif ayant connu le monde professionnel.<\/p>\n<p><strong>\u00ab\u00a0La pr\u00e9paration s\u2019est vraiment bien pass\u00e9e\u00a0\u00bb<\/strong><\/p>\n<p style=\"text-align: justify;\">C\u00e9dric Hengbart dans <a href=\"https:\/\/www.ouest-france.fr\/sport\/football\/us-avranches\/football-ce-nest-pas-dramatique-lus-avranches-sincline-face-a-la-reserve-du-sm-caen-471cc164-7550-11f0-9d15-80a5c5d7922a\" target=\"_blank\" rel=\"noopener\">Ouest France<\/a> : \u00ab\u00a0La pr\u00e9paration s\u2019est vraiment bien pass\u00e9e, l\u2019effectif est tr\u00e8s bon. On ne va pas tout remettre en cause pour un match amical. \u00c7a fait du bien de se prendre des claques de temps en temps et il vaut mieux que \u00e7a arrive maintenant (&#8230;) Mais il y a un collectif qui se cr\u00e9e. Si on veut r\u00e9ussir, c\u2019est en \u00e9quipe.\u00a0\u00bb<\/p>\n<p><strong>Le d\u00e9placement \u00e0 Bordeaux<\/strong><\/p>\n<p style=\"text-align: justify;\">\u00ab\u00a0La comp\u00e9tition va changer les choses. Certains joueurs vont \u00eatre galvanis\u00e9s. C\u2019est un param\u00e8tre important qu\u2019on ne prend pas souvent en compte. J\u2019ai d\u2019anciens professionnels qui ne vivent que pour \u00e7a et je sais qu\u2019ils r\u00e9pondront pr\u00e9sents \u00e0 Bordeaux.\u00a0\u00bb<\/p>\n<p style=\"text-align: justify;\">La saison derni\u00e8re en championnat, C\u00e9dric Hengbart avait battu les Girondins avec Blois au Stade Sainte-Germaine du Bouscat dans un match \u00e0 huis clos (0-1).<\/p>\n<p style=\"text-align: justify;\">Nous le recevons ce soir en direct dans le <a href=\"https:\/\/www.youtube.com\/channel\/UCkyRgJ6uhixmPRaSKiEI9aw?view_as=subscriber\" target=\"_blank\" rel=\"noopener\">Talk sur WebGirondins sur notre cha\u00eene YouTube<\/a>.<\/p>\n<p style=\"text-align: justify;\">\u00a0<\/p>\n<p style=\"text-align: justify;\">\u00c0 lire &gt;&gt; <strong><a href=\"https:\/\/www.webgirondins.com\/actualite-girondins-girondins-reaction-bruno-irles-qui-reconnait-des-manques-apres-le-nul-contre-l-aviron-bayonnais-130011\" target=\"_blank\" rel=\"noopener\">R\u00e9action Bruno Irl\u00e8s qui reconna\u00eet des manques apr\u00e8s le nul contre l&rsquo;Aviron Bayonnais<\/a><br \/><\/strong><\/p>\n<p style=\"text-align: justify;\">Notre podcast court :<\/p>\n","protected":false},"excerpt":{"rendered":"\u00a9 Iconsport Ce samedi, Avranches a perdu 2 buts \u00e0 1 face \u00e0 l&rsquo;\u00e9quipe r\u00e9serve du SM Caen&hellip;\n","protected":false},"author":2,"featured_media":311389,"comment_status":"","ping_status":"","sticky":false,"template":"","format":"standard","meta":{"footnotes":""},"categories":[2817],"tags":[1111,11,4612,150,17295,1997,13767,1446,4431,1994,2263,1777,674,8435,1011,27,5852,1987,2705,45135,955,3238,12,2219,392,29390,25731,45137,25,45136,3982],"class_list":{"0":"post-311388","1":"post","2":"type-post","3":"status-publish","4":"format-standard","5":"has-post-thumbnail","7":"category-bordeaux","8":"tag-actu","9":"tag-actualites","10":"tag-adversaire","11":"tag-apres","12":"tag-avranches","13":"tag-bordeaux","14":"tag-cedric","15":"tag-dans","16":"tag-dernier","17":"tag-entraineur","18":"tag-equipe","19":"tag-eu","20":"tag-europe","21":"tag-exprime","22":"tag-fr","23":"tag-france","24":"tag-futur","25":"tag-girondins","26":"tag-groupe","27":"tag-hengbart","28":"tag-match","29":"tag-national","30":"tag-news","31":"tag-nouvelle-aquitaine","32":"tag-perdu","33":"tag-preparation","34":"tag-presents","35":"tag-repondront","36":"tag-republique-francaise","37":"tag-sais","38":"tag-samedi"},"share_on_mastodon":{"url":"https:\/\/pubeurope.com\/@fr\/115009715524899894","error":""},"_links":{"self":[{"href":"https:\/\/www.europesays.com\/fr\/wp-json\/wp\/v2\/posts\/311388","targetHints":{"allow":["GET"]}}],"collection":[{"href":"https:\/\/www.europesays.com\/fr\/wp-json\/wp\/v2\/posts"}],"about":[{"href":"https:\/\/www.europesays.com\/fr\/wp-json\/wp\/v2\/types\/post"}],"author":[{"embeddable":true,"href":"https:\/\/www.europesays.com\/fr\/wp-json\/wp\/v2\/users\/2"}],"replies":[{"embeddable":true,"href":"https:\/\/www.europesays.com\/fr\/wp-json\/wp\/v2\/comments?post=311388"}],"version-history":[{"count":0,"href":"https:\/\/www.europesays.com\/fr\/wp-json\/wp\/v2\/posts\/311388\/revisions"}],"wp:featuredmedia":[{"embeddable":true,"href":"https:\/\/www.europesays.com\/fr\/wp-json\/wp\/v2\/media\/311389"}],"wp:attachment":[{"href":"https:\/\/www.europesays.com\/fr\/wp-json\/wp\/v2\/media?parent=311388"}],"wp:term":[{"taxonomy":"category","embeddable":true,"href":"https:\/\/www.europesays.com\/fr\/wp-json\/wp\/v2\/categories?post=311388"},{"taxonomy":"post_tag","embeddable":true,"href":"https:\/\/www.europesays.com\/fr\/wp-json\/wp\/v2\/tags?post=311388"}],"curies":[{"name":"wp","href":"https:\/\/api.w.org\/{rel}","templated":true}]}}