{"id":311394,"date":"2025-08-11T10:44:25","date_gmt":"2025-08-11T10:44:25","guid":{"rendered":"https:\/\/www.europesays.com\/fr\/311394\/"},"modified":"2025-08-11T10:44:25","modified_gmt":"2025-08-11T10:44:25","slug":"focus-sur-leglise-saint-joseph-roubaixxl","status":"publish","type":"post","link":"https:\/\/www.europesays.com\/fr\/311394\/","title":{"rendered":"Focus sur l&rsquo;\u00e9glise Saint-Joseph &#8211; ROUBAIXXL"},"content":{"rendered":"<p class=\"introduction\">Tout l\u2019\u00e9t\u00e9, on vous propose de red\u00e9couvrir la ville \u00e0 travers la collection \u00ab\u202fFOCUS\u202f\u00bb, des brochures patrimoniales con\u00e7ues par le service Culture &#8211; Ville d\u2019art et d\u2019histoire. Cette semaine, on vous propose de visiter l&rsquo;\u00e9glise Saint-Joseph.<\/p>\n<p>Saint-Joseph : joyau n\u00e9ogothique au c\u0153ur de RoubaixUn monument hors du commun<\/p>\n<p data-start=\"285\" data-end=\"756\">Entre la rue de France et le quartier de l\u2019Union, l\u2019\u00e9glise Saint-Joseph ne laisse rien deviner de ses richesses int\u00e9rieures. Construite entre 1876 et 1878 dans un secteur alors en plein essor industriel, elle adopte une fa\u00e7ade aust\u00e8re en brique et pierre de Tournai, typique du tissu urbain roubaisien. Mais une fois franchi le porche, surprise : un univers de couleurs, de peintures, de d\u00e9cors foisonnants s\u2019offre au regard, dans un style n\u00e9ogothique flamboyant.<\/p>\n<p data-start=\"758\" data-end=\"1095\">Pens\u00e9e comme une <strong data-start=\"775\" data-end=\"797\">\u0153uvre d\u2019art totale<\/strong>, elle a \u00e9t\u00e9 con\u00e7ue par le baron Jean-Baptiste Bethune, grande figure belge du n\u00e9ogothisme. De la nef au ch\u0153ur, en passant par les collat\u00e9raux et le transept, chaque d\u00e9tail est orn\u00e9, chaque espace raconte une histoire \u2014 de la procession des saints aux grands \u00e9pisodes bibliques peints sur les murs.<\/p>\n<p data-start=\"1097\" data-end=\"1355\">Peintures, vitraux, mobilier liturgique, tout a \u00e9t\u00e9 pens\u00e9 comme un support p\u00e9dagogique et spirituel, en coh\u00e9rence avec l\u2019histoire sociale du quartier : celui du Fontenoy, peupl\u00e9 de familles ouvri\u00e8res, majoritairement n\u00e9erlandophones, \u00e0 la fin du XIXe si\u00e8cle.<\/p>\n<p>Une restauration exemplaire<\/p>\n<p data-start=\"1395\" data-end=\"1811\">Class\u00e9e au titre des Monuments historiques en 1993, l\u2019\u00e9glise Saint-Joseph a b\u00e9n\u00e9fici\u00e9 <strong data-start=\"1481\" data-end=\"1515\">d\u2019une restauration d\u2019envergure<\/strong>, men\u00e9e sur pr\u00e8s de vingt ans. Fragilis\u00e9e par le temps, les intemp\u00e9ries et une temp\u00eate en 2007, l\u2019\u00e9difice mena\u00e7ait ruine. C\u2019est gr\u00e2ce \u00e0 la mobilisation des pouvoirs publics, de la Ville de Roubaix, des m\u00e9c\u00e8nes et de l\u2019association des Compagnons de Saint-Joseph que les travaux ont pu se d\u00e9rouler.<\/p>\n<p data-start=\"1813\" data-end=\"1852\">Parmi les r\u00e9alisations spectaculaires :<\/p>\n<ul>\n<li data-start=\"1855\" data-end=\"1913\">la <strong data-start=\"1858\" data-end=\"1889\">reconstitution de la fl\u00e8che<\/strong> \u00e0 50 m\u00e8tres de hauteur,<\/li>\n<li data-start=\"1855\" data-end=\"1913\">la <strong data-start=\"1919\" data-end=\"1969\">restauration des 2 600 m\u00b2 de peintures murales<\/strong>,<\/li>\n<li data-start=\"1855\" data-end=\"1913\">la remise en \u00e9tat des vitraux, notamment ceux du ch\u0153ur et du transept,<\/li>\n<li data-start=\"1855\" data-end=\"1913\">la r\u00e9paration des toitures et ma\u00e7onneries ext\u00e9rieures.<\/li>\n<\/ul>\n<p data-start=\"2102\" data-end=\"2462\">La restauration, achev\u00e9e en 2021, redonne \u00e0 l\u2019\u00e9difice sa fonction cultuelle, mais aussi un <strong data-start=\"2193\" data-end=\"2232\">r\u00f4le culturel et patrimonial majeur<\/strong> dans le paysage roubaisien. Situ\u00e9e aux portes du quartier de l\u2019Union, l\u2019\u00e9glise peut aujourd\u2019hui accueillir concerts, visites, et manifestations, dans un \u00e9crin spectaculaire, t\u00e9moin du g\u00e9nie artistique et spirituel du XIXe si\u00e8cle.<\/p>\n<p data-start=\"835\" data-end=\"1440\">Depuis plusieurs ann\u00e9es, le service Culture \u2013 Ville d\u2019art et d\u2019histoire publie des brochures \u00ab\u202fFOCUS\u202f\u00bb pour raconter autrement les lieux embl\u00e9matiques de la ville : une mani\u00e8re vivante de plonger dans le patrimoine roubaisien, \u00e0 travers les \u00e9poques, les styles, les ambitions politiques ou les prouesses architecturales. Cet \u00e9t\u00e9, on vous propose de (re)d\u00e9couvrir ces publications en ligne, que vous pouvez retrouver en version papier \u00e0 la m\u00e9diath\u00e8que de Roubaix ou \u00e0 l\u2019Office de Tourisme.<\/p>\n","protected":false},"excerpt":{"rendered":"Tout l\u2019\u00e9t\u00e9, on vous propose de red\u00e9couvrir la ville \u00e0 travers la collection \u00ab\u202fFOCUS\u202f\u00bb, des brochures patrimoniales con\u00e7ues&hellip;\n","protected":false},"author":2,"featured_media":311395,"comment_status":"","ping_status":"","sticky":false,"template":"","format":"standard","meta":{"footnotes":""},"categories":[2815],"tags":[1111,11,45138,1777,674,1011,27,811,38919,1307,12,2551,25],"class_list":{"0":"post-311394","1":"post","2":"type-post","3":"status-publish","4":"format-standard","5":"has-post-thumbnail","7":"category-lille","8":"tag-actu","9":"tag-actualites","10":"tag-eglise-saint-joseph","11":"tag-eu","12":"tag-europe","13":"tag-fr","14":"tag-france","15":"tag-hauts-de-france","16":"tag-label-ville-dart-et-dhistoire","17":"tag-lille","18":"tag-news","19":"tag-patrimoine","20":"tag-republique-francaise"},"share_on_mastodon":{"url":"https:\/\/pubeurope.com\/@fr\/115009727228094572","error":""},"_links":{"self":[{"href":"https:\/\/www.europesays.com\/fr\/wp-json\/wp\/v2\/posts\/311394","targetHints":{"allow":["GET"]}}],"collection":[{"href":"https:\/\/www.europesays.com\/fr\/wp-json\/wp\/v2\/posts"}],"about":[{"href":"https:\/\/www.europesays.com\/fr\/wp-json\/wp\/v2\/types\/post"}],"author":[{"embeddable":true,"href":"https:\/\/www.europesays.com\/fr\/wp-json\/wp\/v2\/users\/2"}],"replies":[{"embeddable":true,"href":"https:\/\/www.europesays.com\/fr\/wp-json\/wp\/v2\/comments?post=311394"}],"version-history":[{"count":0,"href":"https:\/\/www.europesays.com\/fr\/wp-json\/wp\/v2\/posts\/311394\/revisions"}],"wp:featuredmedia":[{"embeddable":true,"href":"https:\/\/www.europesays.com\/fr\/wp-json\/wp\/v2\/media\/311395"}],"wp:attachment":[{"href":"https:\/\/www.europesays.com\/fr\/wp-json\/wp\/v2\/media?parent=311394"}],"wp:term":[{"taxonomy":"category","embeddable":true,"href":"https:\/\/www.europesays.com\/fr\/wp-json\/wp\/v2\/categories?post=311394"},{"taxonomy":"post_tag","embeddable":true,"href":"https:\/\/www.europesays.com\/fr\/wp-json\/wp\/v2\/tags?post=311394"}],"curies":[{"name":"wp","href":"https:\/\/api.w.org\/{rel}","templated":true}]}}