{"id":311396,"date":"2025-08-11T10:45:22","date_gmt":"2025-08-11T10:45:22","guid":{"rendered":"https:\/\/www.europesays.com\/fr\/311396\/"},"modified":"2025-08-11T10:45:22","modified_gmt":"2025-08-11T10:45:22","slug":"prete-a-lille-la-saison-passee-chuba-akpom-rebondit-a-ipswich-angleterre-ipswich","status":"publish","type":"post","link":"https:\/\/www.europesays.com\/fr\/311396\/","title":{"rendered":"Pr\u00eat\u00e9 \u00e0 Lille la saison pass\u00e9e, Chuba Akpom rebondit \u00e0 Ipswich &#8211; Angleterre &#8211; Ipswich"},"content":{"rendered":"<p>Haut comme Akpom.<\/p>\n<p>On l\u2019esp\u00e9rait rempla\u00e7ant de Jonathan David au LOSC (o\u00f9 il n\u2019\u00e9tait que pr\u00eat\u00e9), il ne sera que titulaire dans le club d\u2019Ed Sheeran. <strong>Chuba Akpom vient d\u2019\u00eatre officialis\u00e9 du c\u00f4t\u00e9 d\u2019Ipswich<\/strong> apr\u00e8s une longue bataille de la part de plusieurs clubs. Selon diff\u00e9rents m\u00e9dias anglais, Birmingham, Middlesbrough et l\u2019Olympiakos ont tent\u00e9 de s\u2019attacher les services du puissant attaquant anglais appartenant \u00e0 l\u2019Ajax Amsterdam. En vain.<\/p>\n<p>Une saison dantesque dans sa carri\u00e8re<\/p>\n<p>\u00ab\u202fJ\u2019ai eu de bonnes exp\u00e9riences lors des derni\u00e8res journ\u00e9es en \u00e9voluant \u00e0 l\u2019Ajax Amsterdam et en jouant la Ligue des champions avec Lille, a exprim\u00e9 le joueur<a target=\"_blank\" href=\"https:\/\/www.itfc.co.uk\/news\/2025\/august\/10\/town-sign-striker-chuba\/\" rel=\"nofollow noopener\"> dans le communiqu\u00e9 du club<\/a>. J\u2019ai l\u2019impression que tout cela m\u2019a am\u00e9lior\u00e9 en tant que joueur et m\u2019a aid\u00e9 \u00e0 \u00eatre la personne que je suis maintenant\u202f\u00bb. On n\u2019a pas forc\u00e9ment vu l\u2019\u00e9volution de son jeu lors de son passage \u00e0 Lille, mais <strong>l\u2019attaquant <a target=\"_blank\" href=\"https:\/\/www.sofoot.com\/articles\/middlesbrough-la-renaissance-de-chuba-akpom\" rel=\"nofollow noopener\">conna\u00eet le Championship mieux que personne<\/a>, \u00e0 l\u2019image de ses 28 pions en 38 matchs<\/strong> lors de la saison 2022-2023.<\/p>\n<p>Un retour \u00e0 son terrain de jeu pr\u00e9f\u00e9r\u00e9, sur des airs de Galway Girl, pourrait bien lui redonner le sourire.<\/p>\n<p>\t\t\t\t\t\t\t\t\t\t<a class=\"lien-connexe\" href=\"https:\/\/www.sofoot.com\/breves\/la-premier-league-met-fin-a-son-partenariat-avec-une-association-lgbtq\" rel=\"nofollow noopener\" target=\"_blank\">Rupture entre la Premier League et une association LGBTQ+<\/a>\t\t\t\t\t<\/p>\n","protected":false},"excerpt":{"rendered":"Haut comme Akpom. On l\u2019esp\u00e9rait rempla\u00e7ant de Jonathan David au LOSC (o\u00f9 il n\u2019\u00e9tait que pr\u00eat\u00e9), il ne&hellip;\n","protected":false},"author":2,"featured_media":311397,"comment_status":"","ping_status":"","sticky":false,"template":"","format":"standard","meta":{"footnotes":""},"categories":[2815],"tags":[1111,47,11,61,69,65,64,1777,674,63,1011,27,811,68,66,1307,12,62,70,25,67],"class_list":{"0":"post-311396","1":"post","2":"type-post","3":"status-publish","4":"format-standard","5":"has-post-thumbnail","7":"category-lille","8":"tag-actu","9":"tag-actualite","10":"tag-actualites","11":"tag-actus-football","12":"tag-bundesliga","13":"tag-championnats-europeens","14":"tag-equipe-de-france","15":"tag-eu","16":"tag-europe","17":"tag-football","18":"tag-fr","19":"tag-france","20":"tag-hauts-de-france","21":"tag-ligua","22":"tag-ligue-1","23":"tag-lille","24":"tag-news","25":"tag-news-foot","26":"tag-premier-league","27":"tag-republique-francaise","28":"tag-serie-a"},"share_on_mastodon":{"url":"https:\/\/pubeurope.com\/@fr\/115009731166806624","error":""},"_links":{"self":[{"href":"https:\/\/www.europesays.com\/fr\/wp-json\/wp\/v2\/posts\/311396","targetHints":{"allow":["GET"]}}],"collection":[{"href":"https:\/\/www.europesays.com\/fr\/wp-json\/wp\/v2\/posts"}],"about":[{"href":"https:\/\/www.europesays.com\/fr\/wp-json\/wp\/v2\/types\/post"}],"author":[{"embeddable":true,"href":"https:\/\/www.europesays.com\/fr\/wp-json\/wp\/v2\/users\/2"}],"replies":[{"embeddable":true,"href":"https:\/\/www.europesays.com\/fr\/wp-json\/wp\/v2\/comments?post=311396"}],"version-history":[{"count":0,"href":"https:\/\/www.europesays.com\/fr\/wp-json\/wp\/v2\/posts\/311396\/revisions"}],"wp:featuredmedia":[{"embeddable":true,"href":"https:\/\/www.europesays.com\/fr\/wp-json\/wp\/v2\/media\/311397"}],"wp:attachment":[{"href":"https:\/\/www.europesays.com\/fr\/wp-json\/wp\/v2\/media?parent=311396"}],"wp:term":[{"taxonomy":"category","embeddable":true,"href":"https:\/\/www.europesays.com\/fr\/wp-json\/wp\/v2\/categories?post=311396"},{"taxonomy":"post_tag","embeddable":true,"href":"https:\/\/www.europesays.com\/fr\/wp-json\/wp\/v2\/tags?post=311396"}],"curies":[{"name":"wp","href":"https:\/\/api.w.org\/{rel}","templated":true}]}}