{"id":311402,"date":"2025-08-11T10:48:12","date_gmt":"2025-08-11T10:48:12","guid":{"rendered":"https:\/\/www.europesays.com\/fr\/311402\/"},"modified":"2025-08-11T10:48:12","modified_gmt":"2025-08-11T10:48:12","slug":"lyon-un-site-frauduleux-contraint-de-fermer-pour-pratiques-commerciales-trompeuses-a-deja-rouvert","status":"publish","type":"post","link":"https:\/\/www.europesays.com\/fr\/311402\/","title":{"rendered":"Lyon. Un site frauduleux contraint de fermer pour pratiques commerciales trompeuses a d\u00e9j\u00e0 rouvert"},"content":{"rendered":"<p>            Par<br \/>\n        <strong><br \/>\n            <a href=\"https:\/\/actu.fr\/auteur\/emma-ressegaire\" title=\"Consulter tous les articles de Emma Ressegaire\" rel=\"nofollow noopener\" target=\"_blank\">Emma Ressegaire<\/a><br \/>\n        <\/strong><\/p>\n<p>        Publi\u00e9 le<\/p>\n<p>            11 ao\u00fbt 2025 \u00e0 12h05<br \/>\n        ; mis \u00e0 jour le 11 ao\u00fbt 2025 \u00e0 12h06    <\/p>\n<p>Le vendredi 8 ao\u00fbt dernier, la ministre du Commerce V\u00e9ronique Louwagie a annonc\u00e9 sur ses r\u00e9seaux sociaux<strong> la fermeture du site de pr\u00eat-\u00e0-porter et d\u2019accessoires \u00ab\u00a0Charlotte Lyon\u00a0\u00bb<\/strong> pour pratiques commerciales trompeuses, notamment l\u2019affichage de fausses r\u00e9ductions. Une d\u00e9cision prise par la Direction g\u00e9n\u00e9rale de la Concurrence, de la Consommation et de la R\u00e9pression des fraudes (<a href=\"https:\/\/www.economie.gouv.fr\/dgccrf\" rel=\"nofollow noopener\" target=\"_blank\">DGCCRF<\/a>) qui fait suite aux signalements du journaliste Olivier Dauvers. Ce dernier avait mis en lumi\u00e8re, quelques mois plus t\u00f4t, l\u2019arnaque de cette entreprise soit disant lyonnaise qui utilisait <strong>la combine du \u00ab\u00a0dark pattern\u00a0\u00bb<\/strong> : indiquer que les stocks d\u2019un produit sont bas, limit\u00e9s ou presque \u00e9puis\u00e9s alors que ce n\u2019est pas le cas.\u00a0<\/p>\n<p>Couleurs du drapeau fran\u00e7ais pour des produits chinois<\/p>\n<p class=\" wall-content\">De plus, sur son site en ligne et ses r\u00e9seaux sociaux, le logo de Charlotte Lyon met en avant les couleurs du bleu-blanc-rouge, couleurs du drapeau fran\u00e7ais. Pourtant, <strong>les produits proviennent de Chine<\/strong>.<\/p>\n<p class=\" wall-content\">\n<p class=\" wall-content\">En effet, il s\u2019agit de pr\u00eat-\u00e0-porter et d\u2019accessoires provenant de sites comme <a href=\"https:\/\/actu.fr\/societe\/shein-temu-amazon-presque-toutes-les-promotions-en-ligne-sont-mensongeres-selon-l-ufc-que-choisir_62886278.html\" rel=\"nofollow noopener\" target=\"_blank\">Temu<\/a> ou <a href=\"https:\/\/actu.fr\/auvergne-rhone-alpes\/lyon_69123\/shein-ouvre-une-boutique-a-lyon-le-coup-de-gueule-de-cette-commercante_57980283.html\" rel=\"nofollow noopener\" target=\"_blank\">Shein<\/a> acheter \u00e0 des prix d\u00e9risoires puis revendus sur le site Charlotte Lyon a des prix beaucoup plus \u00e9lev\u00e9s m\u00eame apr\u00e8s les r\u00e9ductions. On parle ici de<strong> dropshipping<\/strong>.<\/p>\n<p class=\" wall-content\">Au vu des t\u00e9moignages sur le site de notation Trustpilot, o\u00f9 Charlotte Lyon affiche un<strong> indice de confiance d\u20191,3\/5<\/strong>, Les acheteurs n\u2019ont pas conscience que ces produits ne viennent pas de France et pensent soutenir une petite entreprise lyonnaise.<\/p>\n<p>\u00ab\u00a0Je pensais qu\u2019il s\u2019agissait d\u2019une fabrication franco-fran\u00e7aise\u00a0\u00bb<\/p>\n<p class=\" wall-content\">\u00ab\u00a0Je pensais qu\u2019il s\u2019agissait d\u2019une fabrication franco-fran\u00e7aise. C\u2019est probablement une Charlotte Chinoise \u00ab\u00a0, a \u00e9crit l\u2019une des acheteuses.<\/p>\n<p class=\" wall-content\">\u00ab\u00a0J\u2019ai command\u00e9 3 robes sur Charlotte Lyon, <strong>pensant soutenir un petit atelier lyonnais<\/strong> en fermeture comme leur publicit\u00e9 le sugg\u00e8re (\u201cje ferme mon petit atelier que j\u2019ai construit avec passion\u2026\u201d). Or, apr\u00e8s r\u00e9ception, je d\u00e9couvre que l\u2019entreprise est bas\u00e9e en Chine, et que les retours doivent \u00eatre envoy\u00e9s \u00e0 mes frais \u00e0 l\u2019\u00e9tranger, ce qui n\u2019\u00e9tait pas mentionn\u00e9 clairement avant l\u2019achat \u00ab\u00a0, poursuit une autre cliente.<\/p>\n<p>Un deuxi\u00e8me site cr\u00e9\u00e9<\/p>\n<p class=\" wall-content\">Et si la fermeture administrative aurait d\u00fb stopper d\u00e9finitivement cette arnaque, il semblerait que <strong>Charlotte Lyon continue de pratiquer sa petite combine<\/strong>.<\/p>\n<p class=\" wall-content\">En effet, bien qu\u2019un premier site \u00ab\u00a0charlotte-lyon.fr\u00a0\u00bb a \u00e9t\u00e9 ferm\u00e9, un deuxi\u00e8me a \u00e9t\u00e9 cr\u00e9\u00e9 juste apr\u00e8s la fermeture du premier sous l\u2019url \u00ab\u00a0charlotte-lyon.com\u00a0\u00bb. Et le <strong>proc\u00e9d\u00e9 reste le m\u00eame<\/strong> : il est toujours indiqu\u00e9 que le site va tr\u00e8s prochainement fermer ses portes et que, par cons\u00e9quent, il y a des promotions jusqu\u2019\u00e0 70 % sur des articles achet\u00e9s \u00e0 tr\u00e8s bas prix et revendus beaucoup plus chers.<\/p>\n<p class=\" wall-content\">Suivez toute l\u2019actualit\u00e9 de vos villes et m\u00e9dias favoris en vous inscrivant \u00e0 <a href=\"https:\/\/moncompte.actu.fr\" title=\"D\u00e9couvez Mon Actu\" rel=\"nofollow noopener\" data-trk=\"{&quot;cta&quot;:{&quot;action&quot;:&quot;https:\\\/\\\/moncompte.actu.fr&quot;,&quot;category&quot;:&quot;mon compte&quot;,&quot;from&quot;:&quot;article footer&quot;,&quot;name&quot;:&quot;Mon actu&quot;,&quot;type&quot;:&quot;cta&quot;}}\" target=\"_blank\">Mon Actu<\/a>.<\/p>\n","protected":false},"excerpt":{"rendered":"Par Emma Ressegaire Publi\u00e9 le 11 ao\u00fbt 2025 \u00e0 12h05 ; mis \u00e0 jour le 11 ao\u00fbt 2025&hellip;\n","protected":false},"author":2,"featured_media":311403,"comment_status":"","ping_status":"","sticky":false,"template":"","format":"standard","meta":{"footnotes":""},"categories":[1889],"tags":[1111,11,3514,2430,215,33,1777,674,1011,27,2428,12,25],"class_list":{"0":"post-311402","1":"post","2":"type-post","3":"status-publish","4":"format-standard","5":"has-post-thumbnail","7":"category-lyon","8":"tag-actu","9":"tag-actualites","10":"tag-arnaque","11":"tag-auvergne-rhone-alpes","12":"tag-commerce","13":"tag-economie","14":"tag-eu","15":"tag-europe","16":"tag-fr","17":"tag-france","18":"tag-lyon","19":"tag-news","20":"tag-republique-francaise"},"share_on_mastodon":{"url":"https:\/\/pubeurope.com\/@fr\/115009742963381349","error":""},"_links":{"self":[{"href":"https:\/\/www.europesays.com\/fr\/wp-json\/wp\/v2\/posts\/311402","targetHints":{"allow":["GET"]}}],"collection":[{"href":"https:\/\/www.europesays.com\/fr\/wp-json\/wp\/v2\/posts"}],"about":[{"href":"https:\/\/www.europesays.com\/fr\/wp-json\/wp\/v2\/types\/post"}],"author":[{"embeddable":true,"href":"https:\/\/www.europesays.com\/fr\/wp-json\/wp\/v2\/users\/2"}],"replies":[{"embeddable":true,"href":"https:\/\/www.europesays.com\/fr\/wp-json\/wp\/v2\/comments?post=311402"}],"version-history":[{"count":0,"href":"https:\/\/www.europesays.com\/fr\/wp-json\/wp\/v2\/posts\/311402\/revisions"}],"wp:featuredmedia":[{"embeddable":true,"href":"https:\/\/www.europesays.com\/fr\/wp-json\/wp\/v2\/media\/311403"}],"wp:attachment":[{"href":"https:\/\/www.europesays.com\/fr\/wp-json\/wp\/v2\/media?parent=311402"}],"wp:term":[{"taxonomy":"category","embeddable":true,"href":"https:\/\/www.europesays.com\/fr\/wp-json\/wp\/v2\/categories?post=311402"},{"taxonomy":"post_tag","embeddable":true,"href":"https:\/\/www.europesays.com\/fr\/wp-json\/wp\/v2\/tags?post=311402"}],"curies":[{"name":"wp","href":"https:\/\/api.w.org\/{rel}","templated":true}]}}