{"id":311404,"date":"2025-08-11T10:49:11","date_gmt":"2025-08-11T10:49:11","guid":{"rendered":"https:\/\/www.europesays.com\/fr\/311404\/"},"modified":"2025-08-11T10:49:11","modified_gmt":"2025-08-11T10:49:11","slug":"lyon-spectaculaire-course-poursuite-entre-bellecour-et-la7-un-chauffard-bien-connu-arrete","status":"publish","type":"post","link":"https:\/\/www.europesays.com\/fr\/311404\/","title":{"rendered":"Lyon. Spectaculaire course poursuite entre Bellecour et l&rsquo;A7, un chauffard bien connu arr\u00eat\u00e9"},"content":{"rendered":"<p>            Par<br \/>\n        <strong><br \/>\n            <a href=\"https:\/\/actu.fr\/auteur\/emma-ressegaire\" title=\"Consulter tous les articles de Emma Ressegaire\" target=\"_blank\" rel=\"noopener\">Emma Ressegaire<\/a><br \/>\n        <\/strong><\/p>\n<p>        Publi\u00e9 le<\/p>\n<p>            11 ao\u00fbt 2025 \u00e0 12h20        <\/p>\n<p>Ce dimanche 10 ao\u00fbt, vers 5 heures du matin, une voiture immatricul\u00e9e en Suisse circulait aux abords de la <a href=\"https:\/\/actu.fr\/auvergne-rhone-alpes\/lyon_69123\/lyon-installes-sur-l-oeuvre-tissage-urbain-les-brumisateurs-de-bellecour-posent-question_62947648.html\" target=\"_blank\" rel=\"noopener\">place Bellecour<\/a>, \u00e0 <a href=\"https:\/\/actu.fr\/auvergne-rhone-alpes\/lyon_69123\" target=\"_blank\" rel=\"noopener\">Lyon<\/a>. Mais en <strong>grillant un feu rouge<\/strong>, le v\u00e9hicule a attir\u00e9 l\u2019attention\u00a0de la BAC (Brigade anti-criminalit\u00e9).<\/p>\n<p class=\" wall-content\">D\u2019apr\u00e8s nos informations, confirmant celles du <a href=\"https:\/\/c.leprogres.fr\/faits-divers-justice\/2025\/08\/10\/la-course-poursuite-depuis-la-place-bellecour-se-termine-sur-l-autoroute-a7-trois-interpellations\" target=\"_blank\" rel=\"noopener\">Progr\u00e8s<\/a>, les <strong>policiers ont donc demand\u00e9 au chauffard de la voiture de s\u2019arr\u00eater<\/strong>, chose qu\u2019il n\u2019a pas fait.\u00a0<\/p>\n<p>Course-poursuite jusque sur l\u2019autoroute A7<\/p>\n<p class=\" wall-content\">Par cons\u00e9quent, une <strong>course-poursuite<\/strong> a alors d\u00e9but\u00e9 dans les rues de la ville <strong>jusque sur l\u2019autoroute A7<\/strong>, pr\u00e8s du mus\u00e9e des Confluences.<\/p>\n<p class=\" wall-content\">Les deux v\u00e9hicules se sont alors immobilis\u00e9s sur l\u2019A7 bloquant bri\u00e8vement la circulation.\u00a0<\/p>\n<p class=\" wall-content\">Les trois hommes occupant de la voiture suisse, qui avaient ensuite <strong>pris la fuite \u00e0 pied<\/strong>, ont \u00e9t\u00e9 interpell\u00e9s puis plac\u00e9s en garde \u00e0 vue. D\u2019apr\u00e8s nos informations, le conducteur, \u00e2g\u00e9 de 23 ans et habitant dans la Loire, est tr\u00e8s d\u00e9favorablement connu des services de police. Il avait l\u2019interdiction d\u2019obtenir le permis de conduire et roulait donc sans.\u00a0<\/p>\n<p class=\" wall-content\">L\u2019enqu\u00eate se poursuit.<\/p>\n<p class=\" wall-content\">Suivez toute l\u2019actualit\u00e9 de vos villes et m\u00e9dias favoris en vous inscrivant \u00e0 <a href=\"https:\/\/moncompte.actu.fr\" title=\"D\u00e9couvez Mon Actu\" rel=\"nofollow noopener\" data-trk=\"{&quot;cta&quot;:{&quot;action&quot;:&quot;https:\\\/\\\/moncompte.actu.fr&quot;,&quot;category&quot;:&quot;mon compte&quot;,&quot;from&quot;:&quot;article footer&quot;,&quot;name&quot;:&quot;Mon actu&quot;,&quot;type&quot;:&quot;cta&quot;}}\" target=\"_blank\">Mon Actu<\/a>.<\/p>\n","protected":false},"excerpt":{"rendered":"Par Emma Ressegaire Publi\u00e9 le 11 ao\u00fbt 2025 \u00e0 12h20 Ce dimanche 10 ao\u00fbt, vers 5 heures du&hellip;\n","protected":false},"author":2,"featured_media":311405,"comment_status":"","ping_status":"","sticky":false,"template":"","format":"standard","meta":{"footnotes":""},"categories":[1889],"tags":[1111,11,6423,2430,1777,674,118,1011,27,2428,12,1072,2852,25],"class_list":{"0":"post-311404","1":"post","2":"type-post","3":"status-publish","4":"format-standard","5":"has-post-thumbnail","7":"category-lyon","8":"tag-actu","9":"tag-actualites","10":"tag-autoroute-7-a7","11":"tag-auvergne-rhone-alpes","12":"tag-eu","13":"tag-europe","14":"tag-faits-divers","15":"tag-fr","16":"tag-france","17":"tag-lyon","18":"tag-news","19":"tag-police","20":"tag-refus-dobtemperer","21":"tag-republique-francaise"},"share_on_mastodon":{"url":"https:\/\/pubeurope.com\/@fr\/115009746530758046","error":""},"_links":{"self":[{"href":"https:\/\/www.europesays.com\/fr\/wp-json\/wp\/v2\/posts\/311404","targetHints":{"allow":["GET"]}}],"collection":[{"href":"https:\/\/www.europesays.com\/fr\/wp-json\/wp\/v2\/posts"}],"about":[{"href":"https:\/\/www.europesays.com\/fr\/wp-json\/wp\/v2\/types\/post"}],"author":[{"embeddable":true,"href":"https:\/\/www.europesays.com\/fr\/wp-json\/wp\/v2\/users\/2"}],"replies":[{"embeddable":true,"href":"https:\/\/www.europesays.com\/fr\/wp-json\/wp\/v2\/comments?post=311404"}],"version-history":[{"count":0,"href":"https:\/\/www.europesays.com\/fr\/wp-json\/wp\/v2\/posts\/311404\/revisions"}],"wp:featuredmedia":[{"embeddable":true,"href":"https:\/\/www.europesays.com\/fr\/wp-json\/wp\/v2\/media\/311405"}],"wp:attachment":[{"href":"https:\/\/www.europesays.com\/fr\/wp-json\/wp\/v2\/media?parent=311404"}],"wp:term":[{"taxonomy":"category","embeddable":true,"href":"https:\/\/www.europesays.com\/fr\/wp-json\/wp\/v2\/categories?post=311404"},{"taxonomy":"post_tag","embeddable":true,"href":"https:\/\/www.europesays.com\/fr\/wp-json\/wp\/v2\/tags?post=311404"}],"curies":[{"name":"wp","href":"https:\/\/api.w.org\/{rel}","templated":true}]}}