{"id":31141,"date":"2025-04-17T07:37:10","date_gmt":"2025-04-17T07:37:10","guid":{"rendered":"https:\/\/www.europesays.com\/fr\/31141\/"},"modified":"2025-04-17T07:37:10","modified_gmt":"2025-04-17T07:37:10","slug":"un-sexagenaire-retrouve-mort-dans-un-appartement-en-feu-ce-que-lon-sait","status":"publish","type":"post","link":"https:\/\/www.europesays.com\/fr\/31141\/","title":{"rendered":"un sexag\u00e9naire retrouv\u00e9 mort dans un appartement en feu, ce que l\u2019on sait"},"content":{"rendered":"<p>            Par<br \/>\n        <strong><br \/>\n            <a href=\"https:\/\/actu.fr\/auteur\/lea-pippinato\" title=\"Consulter tous les articles de L\u00e9a Pippinato\" rel=\"nofollow noopener\" target=\"_blank\">L\u00e9a Pippinato<\/a><br \/>\n        <\/strong><\/p>\n<p>        Publi\u00e9 le<\/p>\n<p>            16 avr. 2025 \u00e0 10h26        <\/p>\n<p><strong>Ce mardi 15 avril 2025<\/strong>, peu apr\u00e8s 22h, <a href=\"https:\/\/actu.fr\/occitanie\/montpellier_34172\/montpellier-un-appartement-en-feu-dans-l-ecusson-de-gros-moyens-engages_62516519.html\" rel=\"nofollow noopener\" target=\"_blank\">un incendie s\u2019est d\u00e9clar\u00e9 dans un appartement situ\u00e9 au premier \u00e9tage d\u2019un immeuble d\u2019habitation rue du Pila Saint-G\u00e9ly<\/a>, \u00e0 Montpellier. Ce b\u00e2timent se trouve \u00e0 quelques pas de la Maison des relations internationales.\u00a0<\/p>\n<p>    <a href=\"https:\/\/www.google.com\/maps\/embed?pb=!1m18!1m12!1m3!1d5777.333708178968!2d3.879906300000001!3d43.6134777!2m3!1f0!2f0!3f0!3m2!1i1024!2i768!4f13.1!3m3!1m2!1s0x12b6af097292af95%3A0xbe13bd5d07c8377a!2sRue%20du%20Pila%20St%20G%C3%A9ly%2C%2034000%20Montpellier!5e0!3m2!1sfr!2sfr!4v1744791735174!5m2!1sfr!2sfr\" title=\"Ouvrie le lien\" rel=\"nofollow noopener\" target=\"_blank\">Cliquez ici pour visualiser le contenu<\/a><\/p>\n<p class=\" wall-content\">Les sapeurs-pompiers de l\u2019H\u00e9rault sont intervenus rapidement. \u00c0 leur arriv\u00e9e, l\u2019appartement \u00e9tait d\u00e9j\u00e0 envahi par les flammes. L\u2019intervention a permis de limiter la propagation du feu. L\u2019incendie est rest\u00e9 cantonn\u00e9 au logement d\u2019origine. Le restaurant situ\u00e9 au rez-de-chauss\u00e9e de l\u2019immeuble a \u00e9t\u00e9 \u00e9vacu\u00e9 par mesure de s\u00e9curit\u00e9. Aucun autre appartement n\u2019a \u00e9t\u00e9 touch\u00e9.<\/p>\n<p>Un homme retrouv\u00e9 mort<\/p>\n<p class=\" wall-content\">Au cours de l\u2019intervention, les secours ont d\u00e9couvert un corps sans vie \u00e0 l\u2019int\u00e9rieur de l\u2019appartement en feu. D\u2019apr\u00e8s les premi\u00e8res constatations, il s\u2019agirait d\u2019un homme d\u2019environ <strong>60 ans<\/strong>. L\u2019origine\u00a0de l\u2019incendie serait accidentelle. La piste d\u2019un acte volontaire ou criminel ne semble pas retenue \u00e0 ce stade. L\u2019enqu\u00eate confi\u00e9e aux services de police doit permettre de d\u00e9terminer les causes pr\u00e9cises du sinistre.<\/p>\n<p class=\" wall-content\">Suivez toute l\u2019actualit\u00e9 de vos villes et m\u00e9dias favoris en vous inscrivant \u00e0 <a href=\"https:\/\/moncompte.actu.fr\" title=\"D\u00e9couvez Mon Actu\" rel=\"nofollow noopener\" data-trk=\"{&quot;cta&quot;:{&quot;action&quot;:&quot;https:\\\/\\\/moncompte.actu.fr&quot;,&quot;category&quot;:&quot;mon compte&quot;,&quot;from&quot;:&quot;article footer&quot;,&quot;name&quot;:&quot;Mon actu&quot;,&quot;type&quot;:&quot;cta&quot;}}\" target=\"_blank\">Mon Actu<\/a>.<\/p>\n","protected":false},"excerpt":{"rendered":"Par L\u00e9a Pippinato Publi\u00e9 le 16 avr. 2025 \u00e0 10h26 Ce mardi 15 avril 2025, peu apr\u00e8s 22h,&hellip;\n","protected":false},"author":2,"featured_media":31142,"comment_status":"","ping_status":"","sticky":false,"template":"","format":"standard","meta":{"footnotes":""},"categories":[9599],"tags":[1111,11,1777,674,118,1011,27,1310,1908,2208,12,2680,1311,25],"class_list":{"0":"post-31141","1":"post","2":"type-post","3":"status-publish","4":"format-standard","5":"has-post-thumbnail","7":"category-montpellier","8":"tag-actu","9":"tag-actualites","10":"tag-eu","11":"tag-europe","12":"tag-faits-divers","13":"tag-fr","14":"tag-france","15":"tag-incendie","16":"tag-logement","17":"tag-montpellier","18":"tag-news","19":"tag-occitanie","20":"tag-pompiers","21":"tag-republique-francaise"},"share_on_mastodon":{"url":"https:\/\/pubeurope.com\/@fr\/114352163567429582","error":""},"_links":{"self":[{"href":"https:\/\/www.europesays.com\/fr\/wp-json\/wp\/v2\/posts\/31141","targetHints":{"allow":["GET"]}}],"collection":[{"href":"https:\/\/www.europesays.com\/fr\/wp-json\/wp\/v2\/posts"}],"about":[{"href":"https:\/\/www.europesays.com\/fr\/wp-json\/wp\/v2\/types\/post"}],"author":[{"embeddable":true,"href":"https:\/\/www.europesays.com\/fr\/wp-json\/wp\/v2\/users\/2"}],"replies":[{"embeddable":true,"href":"https:\/\/www.europesays.com\/fr\/wp-json\/wp\/v2\/comments?post=31141"}],"version-history":[{"count":0,"href":"https:\/\/www.europesays.com\/fr\/wp-json\/wp\/v2\/posts\/31141\/revisions"}],"wp:featuredmedia":[{"embeddable":true,"href":"https:\/\/www.europesays.com\/fr\/wp-json\/wp\/v2\/media\/31142"}],"wp:attachment":[{"href":"https:\/\/www.europesays.com\/fr\/wp-json\/wp\/v2\/media?parent=31141"}],"wp:term":[{"taxonomy":"category","embeddable":true,"href":"https:\/\/www.europesays.com\/fr\/wp-json\/wp\/v2\/categories?post=31141"},{"taxonomy":"post_tag","embeddable":true,"href":"https:\/\/www.europesays.com\/fr\/wp-json\/wp\/v2\/tags?post=31141"}],"curies":[{"name":"wp","href":"https:\/\/api.w.org\/{rel}","templated":true}]}}