{"id":311410,"date":"2025-08-11T10:53:12","date_gmt":"2025-08-11T10:53:12","guid":{"rendered":"https:\/\/www.europesays.com\/fr\/311410\/"},"modified":"2025-08-11T10:53:12","modified_gmt":"2025-08-11T10:53:12","slug":"meteo-paris-une-semaine-de-canicule-avec-34c-attendus","status":"publish","type":"post","link":"https:\/\/www.europesays.com\/fr\/311410\/","title":{"rendered":"M\u00e9t\u00e9o Paris\u00a0: une semaine de canicule avec 34\u00b0C attendus"},"content":{"rendered":"<p>Vous faites partie de celleux qui se sont plaints des derni\u00e8res semaines peu glorieuses m\u00e9t\u00e9orologiquement parlant\u00a0? Eh bien, cette semaine, vous allez \u00eatre servi\u00b7e en termes<strong> de soleil et de chaleur<\/strong>. La canicule fait son grand retour dans la capitale et dans tout l\u2019hexagone, n\u00e9cessitant d&rsquo;ailleurs de placer la plupart des d\u00e9partements du Sud-ouest<strong> en vigilance rouge <\/strong>au vu des temp\u00e9ratures sup\u00e9rieures \u00e0 40\u00b0C qui sont attendues. \u00c0 Paris, on n\u2019atteindra pas de tels extr\u00eames, mais <strong>les journ\u00e9es promettent de nous faire suer<\/strong>, et les nuits de ne pas vraiment nous rafra\u00eechir\u2026\u00a0<\/p>\n<p>&#13;<\/p>\n<blockquote class=\"twitter-tweet\"><p>&#13;<\/p>\n<p lang=\"fr\" dir=\"ltr\">\ud83d\udd34\ud83c\udf21 Les journ\u00e9es de lundi et de mardi devraient \u00eatre les plus chaudes \u00e0 l&rsquo;\u00e9chelle nationale.<\/p>\n<p>Demain lundi, les tr\u00e8s fortes chaleurs progressent au nord, et s\u2019intensifient encore dans le Sud-Ouest avec fr\u00e9quemment 40 \u00e0 42 \u00b0C.<\/p>\n<p>\ud83d\udc49 <a href=\"https:\/\/t.co\/fWja4nqsj5\" rel=\"nofollow\">https:\/\/t.co\/fWja4nqsj5<\/a> <a href=\"https:\/\/t.co\/xahH6kANZD\" rel=\"nofollow\">pic.twitter.com\/xahH6kANZD<\/a><\/p>\n<p>&#13;<br \/>\n\u2014 M\u00e9t\u00e9o-France (@meteofrance) <a href=\"https:\/\/twitter.com\/meteofrance\/status\/1954567439045276112?ref_src=twsrc%5Etfw\" rel=\"nofollow noopener\" target=\"_blank\">August 10, 2025<\/a><\/p><\/blockquote>\n<p>&#13;<br \/>\n&#13;<br \/>\n<br \/><strong>Entre 30\u00b0C et 34\u00b0C attendus cette semaine<\/strong>&#13;<\/p>\n<p>C\u2019est bien simple, du lundi 11 au dimanche 17 ao\u00fbt, la m\u00e9t\u00e9o va \u00eatre lin\u00e9aire\u00a0: <strong>du soleil<\/strong>, encore et encore. De quoi nous r\u00e9jouir puisqu\u2019en plus, cette semaine nous offre <a href=\"https:\/\/www.lebonbon.fr\/paris\/news\/musees-monuments-ouvert-paris-15-aout-2025\/\" rel=\"nofollow noopener\" target=\"_blank\"><strong>un week-end prolong\u00e9<\/strong><\/a> avec le vendredi 15 ao\u00fbt qui est f\u00e9ri\u00e9. Mais c\u2019est du c\u00f4t\u00e9 des temp\u00e9ratures que l\u2019on risque de se faire surprendre. Mardi 12 ao\u00fbt, <strong>34\u00b0C <\/strong>sont attendus dans la capitale, avec seulement une baisse \u00e0 29\u00b0C le soir, comme le montre <a href=\"https:\/\/meteofrance.com\" rel=\"nofollow noopener noreferrer\" target=\"_blank\">M\u00e9t\u00e9o France<\/a>. M\u00eame constat le lendemain, mercredi 13 ao\u00fbt avec <strong>33\u00b0C<\/strong> en journ\u00e9e. Jeudi 14 ao\u00fbt, <strong>31\u00b0C <\/strong>sont pr\u00e9vus,<strong> 32\u00b0C<\/strong> le vendredi 15 ao\u00fbt, <strong>31\u00b0C l<\/strong>e samedi 16 ao\u00fbt et <strong>30\u00b0C<\/strong> le dimanche 17 ao\u00fbt. Ce sera donc l\u2019occasion r\u00eav\u00e9e de profiter des <a href=\"https:\/\/www.lebonbon.fr\/paris\/les-tops-spots\/top-des-piscines-en-plein-air-a-paris\/\" rel=\"nofollow noopener\" target=\"_blank\">piscines<\/a>, <strong>des <a href=\"https:\/\/www.lebonbon.fr\/paris\/news\/carte-interactive-recense-lots-fraicheur-paris\/\" rel=\"nofollow noopener\" target=\"_blank\">\u00eelots de fra\u00eecheur<\/a><\/strong>, voire m\u00eame <a href=\"https:\/\/www.lebonbon.fr\/paris\/news\/velos-caddie-baignade-seine\/\" rel=\"nofollow noopener\" target=\"_blank\">d\u2019une baignade dans la Sein<\/a>e pour les plus t\u00e9m\u00e9raires.\u00a0<\/p>\n<p>&#13;<\/p>\n<blockquote class=\"instagram-media\" data-instgrm-permalink=\"https:\/\/www.instagram.com\/p\/CDrbKvaDF1S\/?utm_source=ig_embed&amp;utm_campaign=loading\" data-instgrm-version=\"14\" style=\"background: #FFF; border: 0; border-radius: 3px; box-shadow: 0 0 1px 0 rgba(0,0,0,0.5),0 1px 10px 0 rgba(0,0,0,0.15); margin: 1px; max-width: 540px; min-width: 326px; padding: 0; width: calc(100% - 2px);\"><p>&#13;<br \/>\n&#13;\n<\/p><\/blockquote>\n<p>&#13;<br \/>\n&#13;<br \/>\n<br \/><strong>Une partie du pays en vigilance rouge et orange<\/strong>&#13;<\/p>\n<p>Pour l\u2019heure, la vigilance rouge dans le Sud-ouest, et <strong>la vigilance orange <\/strong>dans la moiti\u00e9 de la France est maintenue jusqu\u2019au mardi 12 ao\u00fbt au minimum. <strong>Le pic de chaleur <\/strong>est principalement attendu entre la journ\u00e9e du lundi 11 et du mardi 12 ao\u00fbt. Pour rappel, lors d\u2019\u00e9pisodes caniculaires comme celui-ci, il est recommand\u00e9 de <strong><a href=\"https:\/\/www.lebonbon.fr\/paris\/societe\/canicule-paris-bons-gestes-adopter-survivre-ete-bouillant\/\" rel=\"nofollow noopener\" target=\"_blank\">rester hydrat\u00e9 tout au long de la journ\u00e9e<\/a><\/strong>, d\u2019\u00e9viter de sortir aux heures les plus chaudes, de se mouiller le corps plusieurs fois par jours, <strong>de garder les volets et rideaux ferm\u00e9s<\/strong> et d\u2019\u00eatre vigilant avec les personnes plus faibles et \u00e2g\u00e9es. Si vous constatez un d\u00e9part de feu, appelez le 18 ou le 112.\u00a0<\/p>\n<p>&#13;<\/p>\n<blockquote class=\"instagram-media\" data-instgrm-permalink=\"https:\/\/www.instagram.com\/p\/DLcwuL6Kk3U\/?utm_source=ig_embed&amp;utm_campaign=loading\" data-instgrm-version=\"14\" style=\"background: #FFF; border: 0; border-radius: 3px; box-shadow: 0 0 1px 0 rgba(0,0,0,0.5),0 1px 10px 0 rgba(0,0,0,0.15); margin: 1px; max-width: 540px; min-width: 326px; padding: 0; width: calc(100% - 2px);\"><p>&#13;<br \/>\n&#13;\n<\/p><\/blockquote>\n<p>&#13;<br \/>\n<script async src=\"https:\/\/platform.twitter.com\/widgets.js\" charset=\"utf-8\"><\/script><script async src=\"\/\/www.instagram.com\/embed.js\"><\/script><\/p>\n","protected":false},"excerpt":{"rendered":"Vous faites partie de celleux qui se sont plaints des derni\u00e8res semaines peu glorieuses m\u00e9t\u00e9orologiquement parlant\u00a0? Eh bien,&hellip;\n","protected":false},"author":2,"featured_media":311411,"comment_status":"","ping_status":"","sticky":false,"template":"","format":"standard","meta":{"footnotes":""},"categories":[1888],"tags":[1111,1928,11,1927,1777,674,1011,27,12,1926,626,1925,25],"class_list":{"0":"post-311410","1":"post","2":"type-post","3":"status-publish","4":"format-standard","5":"has-post-thumbnail","7":"category-paris","8":"tag-actu","9":"tag-actu-paris","10":"tag-actualites","11":"tag-actualites-paris","12":"tag-eu","13":"tag-europe","14":"tag-fr","15":"tag-france","16":"tag-news","17":"tag-news-paris","18":"tag-paris","19":"tag-paris-news","20":"tag-republique-francaise"},"share_on_mastodon":{"url":"https:\/\/pubeurope.com\/@fr\/115009762360982281","error":""},"_links":{"self":[{"href":"https:\/\/www.europesays.com\/fr\/wp-json\/wp\/v2\/posts\/311410","targetHints":{"allow":["GET"]}}],"collection":[{"href":"https:\/\/www.europesays.com\/fr\/wp-json\/wp\/v2\/posts"}],"about":[{"href":"https:\/\/www.europesays.com\/fr\/wp-json\/wp\/v2\/types\/post"}],"author":[{"embeddable":true,"href":"https:\/\/www.europesays.com\/fr\/wp-json\/wp\/v2\/users\/2"}],"replies":[{"embeddable":true,"href":"https:\/\/www.europesays.com\/fr\/wp-json\/wp\/v2\/comments?post=311410"}],"version-history":[{"count":0,"href":"https:\/\/www.europesays.com\/fr\/wp-json\/wp\/v2\/posts\/311410\/revisions"}],"wp:featuredmedia":[{"embeddable":true,"href":"https:\/\/www.europesays.com\/fr\/wp-json\/wp\/v2\/media\/311411"}],"wp:attachment":[{"href":"https:\/\/www.europesays.com\/fr\/wp-json\/wp\/v2\/media?parent=311410"}],"wp:term":[{"taxonomy":"category","embeddable":true,"href":"https:\/\/www.europesays.com\/fr\/wp-json\/wp\/v2\/categories?post=311410"},{"taxonomy":"post_tag","embeddable":true,"href":"https:\/\/www.europesays.com\/fr\/wp-json\/wp\/v2\/tags?post=311410"}],"curies":[{"name":"wp","href":"https:\/\/api.w.org\/{rel}","templated":true}]}}