{"id":311412,"date":"2025-08-11T10:54:14","date_gmt":"2025-08-11T10:54:14","guid":{"rendered":"https:\/\/www.europesays.com\/fr\/311412\/"},"modified":"2025-08-11T10:54:14","modified_gmt":"2025-08-11T10:54:14","slug":"que-faire-a-paris-durant-le-mois-daout","status":"publish","type":"post","link":"https:\/\/www.europesays.com\/fr\/311412\/","title":{"rendered":"Que faire \u00e0 Paris durant le mois d&rsquo;ao\u00fbt?"},"content":{"rendered":"<p>Les initi\u00e9s le savent, surtout si le temps est cl\u00e9ment, Paris peut se r\u00e9v\u00e9ler particuli\u00e8rement paisible au mois d&rsquo;ao\u00fbt. Sa faune active partie massivement en vacances, le rythme ralentit, les journ\u00e9es s&rsquo;\u00e9tirent, les rues se vident. L&rsquo;occasion d&rsquo;en profiter autrement \u00e0 d\u00e9faut de partir en vacances.<\/p>\n<p><strong>Admirer les photos de Marie-Laure de Decker \u00e0 la MEP<\/strong><\/p>\n<p>De ses portraits de <strong><a href=\"https:\/\/www.vogue.fr\/culture\/a-lire\/diaporama\/citations-francoise-sagan-litterature-ecrivaine-icone\/44040\" target=\"_blank\" rel=\"noopener\">Fran\u00e7oise Sagan<\/a><\/strong> et de <strong>Charlotte Rampling<\/strong> ou encore ses reportages durant la guerre du Vietnam, l\u2019apartheid en Afrique du Sud ou la dictature chilienne, <a data-offer-url=\"https:\/\/www.mep-fr.org\/event\/marie-laure-de-decker-2\/\" class=\"external-link\" data-event-click=\"{&quot;element&quot;:&quot;ExternalLink&quot;,&quot;outgoingURL&quot;:&quot;https:\/\/www.mep-fr.org\/event\/marie-laure-de-decker-2\/&quot;}\" href=\"https:\/\/www.mep-fr.org\/event\/marie-laure-de-decker-2\/\" rel=\"nofollow noopener\" target=\"_blank\">l&rsquo;exposition L\u2019image comme engagement<\/a> met en avant** **l&rsquo;oeil aiguis\u00e9 de <strong>Marie-Laure de Decker<\/strong>. A la MEP on y retrouve les plus beaux clich\u00e9s de cette pionni\u00e8re du photojournalisme en France.<\/p>\n<p>Marie-Laure de Decker, Charlotte Rampling lors du tournage de La Chair de l\u2019orchid\u00e9e de Patrice Ch\u00e9reau, 1974.\u00a9 Marie-Laure de Decker<\/p>\n<p><strong>Apprendre la c\u00e9ramique japonaise<\/strong><\/p>\n<p>Nomm\u00e9 en hommage \u00e0 l\u2019actrice japonaise <strong>Setsuko Hara<\/strong>, <a data-offer-url=\"https:\/\/ateliersetsuko.com\/\" class=\"external-link\" data-event-click=\"{&quot;element&quot;:&quot;ExternalLink&quot;,&quot;outgoingURL&quot;:&quot;https:\/\/ateliersetsuko.com\/&quot;}\" href=\"https:\/\/ateliersetsuko.com\/\" rel=\"nofollow noopener\" target=\"_blank\"><strong>Atelier Setsuko<\/strong><\/a> propose des cours et des stages de c\u00e9ramique artisanale. Men\u00e9 par la c\u00e9ramiste St\u00e9phane, form\u00e9 au gr\u00e8s aux c\u00f4t\u00e9s de Kayoko Hayasaki \u00e0 l\u2019atelier, on y fa\u00e7onne une myriade d&rsquo;objets du quotidien.<\/p>\n<p><strong>Atelier Setsuko<\/strong><\/p>\n<p><strong>Fl\u00e2ner au Mus\u00e9e de l&rsquo;Orangerie<\/strong><\/p>\n<p>Cet \u00e9t\u00e9, le Mus\u00e9e de l\u2019Orangerie ouvre les portes d&rsquo;un kiosque au c\u0153ur du jardin des Tuileries. Apr\u00e8s ou avant avoir admirer les c\u00e9l\u00e8bres Nymph\u00e9as de Claude Monet, on peut y prendre place pour commander un caf\u00e9 glac\u00e9, un croque-monsieur o\u00f9 des p\u00e2tisseries \u00e0 l&rsquo;ombre des tilleuls.<\/p>\n<p>Alice Casenave<\/p>\n<p><strong>Voir l&rsquo;exposition de Wolgang Tillmans avant que le Centre Pompidou ne ferme pour r\u00e9novation<\/strong><\/p>\n<p>Pour cl\u00f4turer sa programmation avant une fermeture historique pour r\u00e9novation qui devrait durer cinq ans, c\u2019est \u00e0 <strong>Wolfgang Tillmans<\/strong> que le <a href=\"https:\/\/www.vogue.fr\/dossier\/centre-pompidou\" target=\"_blank\" rel=\"noopener\">Centre Pompidou<\/a> a offert sa derni\u00e8re exposition majeure\u2009: artiste polymorphe qui s\u2019est appliqu\u00e9 \u00e0 sonder l\u2019\u00e2me humaine et les sous-cultures au diapason de l\u2019intime et du politique.<\/p>\n","protected":false},"excerpt":{"rendered":"Les initi\u00e9s le savent, surtout si le temps est cl\u00e9ment, Paris peut se r\u00e9v\u00e9ler particuli\u00e8rement paisible au mois&hellip;\n","protected":false},"author":2,"featured_media":311413,"comment_status":"","ping_status":"","sticky":false,"template":"","format":"standard","meta":{"footnotes":""},"categories":[1888],"tags":[11,1777,674,1011,27,12,626,25,25951,721],"class_list":{"0":"post-311412","1":"post","2":"type-post","3":"status-publish","4":"format-standard","5":"has-post-thumbnail","7":"category-paris","8":"tag-actualites","9":"tag-eu","10":"tag-europe","11":"tag-fr","12":"tag-france","13":"tag-news","14":"tag-paris","15":"tag-republique-francaise","16":"tag-splitscreenimageleftinset","17":"tag-web"},"share_on_mastodon":{"url":"https:\/\/pubeurope.com\/@fr\/115009766388251688","error":""},"_links":{"self":[{"href":"https:\/\/www.europesays.com\/fr\/wp-json\/wp\/v2\/posts\/311412","targetHints":{"allow":["GET"]}}],"collection":[{"href":"https:\/\/www.europesays.com\/fr\/wp-json\/wp\/v2\/posts"}],"about":[{"href":"https:\/\/www.europesays.com\/fr\/wp-json\/wp\/v2\/types\/post"}],"author":[{"embeddable":true,"href":"https:\/\/www.europesays.com\/fr\/wp-json\/wp\/v2\/users\/2"}],"replies":[{"embeddable":true,"href":"https:\/\/www.europesays.com\/fr\/wp-json\/wp\/v2\/comments?post=311412"}],"version-history":[{"count":0,"href":"https:\/\/www.europesays.com\/fr\/wp-json\/wp\/v2\/posts\/311412\/revisions"}],"wp:featuredmedia":[{"embeddable":true,"href":"https:\/\/www.europesays.com\/fr\/wp-json\/wp\/v2\/media\/311413"}],"wp:attachment":[{"href":"https:\/\/www.europesays.com\/fr\/wp-json\/wp\/v2\/media?parent=311412"}],"wp:term":[{"taxonomy":"category","embeddable":true,"href":"https:\/\/www.europesays.com\/fr\/wp-json\/wp\/v2\/categories?post=311412"},{"taxonomy":"post_tag","embeddable":true,"href":"https:\/\/www.europesays.com\/fr\/wp-json\/wp\/v2\/tags?post=311412"}],"curies":[{"name":"wp","href":"https:\/\/api.w.org\/{rel}","templated":true}]}}