{"id":311416,"date":"2025-08-11T10:56:15","date_gmt":"2025-08-11T10:56:15","guid":{"rendered":"https:\/\/www.europesays.com\/fr\/311416\/"},"modified":"2025-08-11T10:56:15","modified_gmt":"2025-08-11T10:56:15","slug":"lukraine-rapatrie-une-fillette-vivant-sur-les-territoires-temporairement-occupes-que-les-forces-russes-voulaient-envoyer-dans-un-internat-en-russie","status":"publish","type":"post","link":"https:\/\/www.europesays.com\/fr\/311416\/","title":{"rendered":"L\u2019Ukraine rapatrie une fillette vivant sur les territoires temporairement occup\u00e9s, que les forces russes voulaient envoyer dans un internat en Russie"},"content":{"rendered":"<p>L\u2019Ukraine a r\u00e9ussi \u00e0 rapatrier une fillette de 14 ans vivant sur les territoires occup\u00e9s, que les forces d\u2019occupation russes voulaient envoyer de force dans un internat en Russie, a annonc\u00e9 le chef du bureau du pr\u00e9sident ukrainien, Andriy Yermak, sur Telegram.<\/p>\n<p style=\"text-align: justify;\">Cette op\u00e9ration fait partie de l\u2019initiative pr\u00e9sidentielle Bring Kids Back UA. Apr\u00e8s la mort de son p\u00e8re, un militaire ukrainien, la jeune fille \u00e9tait rest\u00e9e avec sa famille sur le territoire temporairement occup\u00e9 par la Russie. Les autorit\u00e9s russes locales ont exerc\u00e9 des pressions et des menaces en voulant lui retirer sa garde.<\/p>\n<p style=\"text-align: justify;\">En seulement 24 heures, l\u2019\u00e9quipe du r\u00e9seau ukrainien pour les droits de l\u2019enfant a pu finaliser les documents, organiser son transfert, et la ramener en s\u00e9curit\u00e9 sur le territoire contr\u00f4l\u00e9 par l\u2019Ukraine. Elle est d\u00e9sormais aupr\u00e8s de sa grand-m\u00e8re, qui l\u2019attendait depuis des ann\u00e9es, et re\u00e7oit l\u2019aide n\u00e9cessaire pour son adaptation et sa r\u00e9habilitation.<\/p>\n<p style=\"text-align: justify;\">Photo: Bring Kids Back UA<\/p>\n","protected":false},"excerpt":{"rendered":"L\u2019Ukraine a r\u00e9ussi \u00e0 rapatrier une fillette de 14 ans vivant sur les territoires occup\u00e9s, que les forces&hellip;\n","protected":false},"author":2,"featured_media":311417,"comment_status":"","ping_status":"","sticky":false,"template":"","format":"standard","meta":{"footnotes":""},"categories":[1591],"tags":[11,1887,12,1885,1886,132],"class_list":{"0":"post-311416","1":"post","2":"type-post","3":"status-publish","4":"format-standard","5":"has-post-thumbnail","7":"category-russie","8":"tag-actualites","9":"tag-federation-de-russie","10":"tag-news","11":"tag-russia","12":"tag-russian-federation","13":"tag-russie"},"share_on_mastodon":{"url":"https:\/\/pubeurope.com\/@fr\/115009774158625309","error":""},"_links":{"self":[{"href":"https:\/\/www.europesays.com\/fr\/wp-json\/wp\/v2\/posts\/311416","targetHints":{"allow":["GET"]}}],"collection":[{"href":"https:\/\/www.europesays.com\/fr\/wp-json\/wp\/v2\/posts"}],"about":[{"href":"https:\/\/www.europesays.com\/fr\/wp-json\/wp\/v2\/types\/post"}],"author":[{"embeddable":true,"href":"https:\/\/www.europesays.com\/fr\/wp-json\/wp\/v2\/users\/2"}],"replies":[{"embeddable":true,"href":"https:\/\/www.europesays.com\/fr\/wp-json\/wp\/v2\/comments?post=311416"}],"version-history":[{"count":0,"href":"https:\/\/www.europesays.com\/fr\/wp-json\/wp\/v2\/posts\/311416\/revisions"}],"wp:featuredmedia":[{"embeddable":true,"href":"https:\/\/www.europesays.com\/fr\/wp-json\/wp\/v2\/media\/311417"}],"wp:attachment":[{"href":"https:\/\/www.europesays.com\/fr\/wp-json\/wp\/v2\/media?parent=311416"}],"wp:term":[{"taxonomy":"category","embeddable":true,"href":"https:\/\/www.europesays.com\/fr\/wp-json\/wp\/v2\/categories?post=311416"},{"taxonomy":"post_tag","embeddable":true,"href":"https:\/\/www.europesays.com\/fr\/wp-json\/wp\/v2\/tags?post=311416"}],"curies":[{"name":"wp","href":"https:\/\/api.w.org\/{rel}","templated":true}]}}