{"id":311418,"date":"2025-08-11T10:57:14","date_gmt":"2025-08-11T10:57:14","guid":{"rendered":"https:\/\/www.europesays.com\/fr\/311418\/"},"modified":"2025-08-11T10:57:14","modified_gmt":"2025-08-11T10:57:14","slug":"eviter-le-piege-du-sommet-entre-la-russie-et-les-etats-unis-en-alaska","status":"publish","type":"post","link":"https:\/\/www.europesays.com\/fr\/311418\/","title":{"rendered":"\u00e9viter le pi\u00e8ge du sommet entre la Russie et les Etats-Unis en Alaska"},"content":{"rendered":"\n<p class=\"article__paragraph  \">Pour la premi\u00e8re fois depuis l\u2019invasion \u00e0 grande \u00e9chelle de l\u2019Ukraine par la Russie, il y a trois ans et demi, le pr\u00e9sident des Etats-Unis, Donald Trump, et son homologue russe, Vladimir Poutine, doivent se rencontrer, vendredi 15\u00a0ao\u00fbt, en Alaska. L\u2019enjeu de ce sommet est consid\u00e9rable. Quelle peut en \u00eatre l\u2019issue\u00a0? Kiev et ses alli\u00e9s europ\u00e9ens sont sceptiques. Ils ont tout lieu de l\u2019\u00eatre.<\/p>\n<p class=\"article__paragraph  \">M.\u00a0Poutine a plusieurs raisons de se r\u00e9jouir de la perspective du sommet bilat\u00e9ral, le premier depuis 2018. Il sort de l\u2019isolement diplomatique dans lequel l\u2019a confin\u00e9 le mandat d\u2019arr\u00eat lanc\u00e9 par la Cour p\u00e9nale internationale pour crimes de guerre. Il est trait\u00e9 en leader d\u2019une grande puissance, sur un pied d\u2019\u00e9galit\u00e9 avec les Etats-Unis. Il a r\u00e9ussi \u2013 pour l\u2019instant \u2013 \u00e0 \u00e9carter le pr\u00e9sident ukrainien, Volodymyr Zelensky, qu\u2019il n\u2019a rencontr\u00e9 qu\u2019une fois, <a href=\"https:\/\/www.lemonde.fr\/international\/article\/2019\/12\/10\/conflit-russo-ukrainien-le-sommet-de-paris-renoue-le-dialogue-sans-permettre-d-avancees-politiques_6022277_3210.html\" rel=\"nofollow noopener\" target=\"_blank\">\u00e0 Paris, en\u00a02019,<\/a> et dont il garde un tr\u00e8s mauvais souvenir.<\/p>\n<p class=\"article__paragraph  \">L\u2019ultimatum pos\u00e9 \u00e0 la Russie par le pr\u00e9sident Trump et la menace de nouvelles sanctions dont il \u00e9tait assorti sont lev\u00e9s gr\u00e2ce \u00e0 ce sommet. Le chef du Kremlin sait Donald Trump press\u00e9 d\u2019afficher un cessez-le-feu en Ukraine et pense avoir l\u00e0, s\u2019il man\u0153uvre bien, une occasion d\u2019obtenir par la voie diplomatique ce qu\u2019il ne parvient toujours pas \u00e0 r\u00e9ussir militairement\u00a0: la domination, au moins partielle, de l\u2019Ukraine.<\/p>\n<p class=\"article__paragraph  \">Qu\u2019il s\u2019agisse de l\u2019administration Biden ou de celle de Trump, les Europ\u00e9ens ont toujours \u00e9t\u00e9 trait\u00e9s en quantit\u00e9 n\u00e9gligeable dans cette affaire, alors m\u00eame que c\u2019est la s\u00e9curit\u00e9 de leur continent qui est en jeu. Il se trouve que, aujourd\u2019hui, ce sont eux qui fournissent la majorit\u00e9 de l\u2019aide financi\u00e8re et militaire \u00e0 l\u2019Ukraine. Le vice-pr\u00e9sident am\u00e9ricain, J. D.\u00a0Vance, a m\u00eame d\u00e9clar\u00e9 dimanche 10\u00a0ao\u00fbt sur Fox News qu\u2019il n\u2019\u00e9tait plus question que le contribuable am\u00e9ricain finance la d\u00e9fense de l\u2019Ukraine.<\/p>\n<p class=\"article__paragraph  \">M.\u00a0Zelensky a donc appel\u00e9 les dirigeants europ\u00e9ens \u00e0 la rescousse d\u00e8s l\u2019annonce du sommet de l\u2019Alaska. Les principaux d\u2019entre eux ont r\u00e9agi en exigeant la participation du pr\u00e9sident ukrainien \u00e0 toute tentative de r\u00e8glement du conflit et en rappelant quelques principes de base, qui \u00e9tablissent une sorte de ligne rouge : l\u2019inviolabilit\u00e9 des fronti\u00e8res et, dans l\u2019hypoth\u00e8se d\u2019un compromis n\u00e9goci\u00e9 avec l\u2019Ukraine, des garanties de s\u00e9curit\u00e9 solides pour Kiev, susceptibles de dissuader Moscou de reprendre son offensive.<\/p>\n<p>                                Lire aussi |  Article r\u00e9serv\u00e9 \u00e0 nos abonn\u00e9s  <a href=\"https:\/\/www.lemonde.fr\/international\/article\/2025\/08\/11\/les-ukrainiens-attendent-avec-scepticisme-le-sommet-du-15-aout-entre-donald-trump-et-vladimir-poutine_6628045_3210.html\" class=\"js-article-read-also catcher--favoris__link\" data-premium=\"1\" id=\"article-title-3434089\" rel=\"nofollow noopener\" target=\"_blank\">Les Ukrainiens attendent avec scepticisme le sommet du 15\u00a0ao\u00fbt entre Donald Trump et Vladimir Poutine<\/a>    <\/p>\n<p>   Lire plus tard  <\/p>\n<p class=\"article__paragraph  \">En r\u00e9alit\u00e9, m\u00eame s\u2019ils ne sont pas invit\u00e9s au sommet, les Europ\u00e9ens ne sont pas exclus du processus. Donald Trump a consult\u00e9 certains de leurs dirigeants, J. D.\u00a0Vance a eu une r\u00e9union avec leurs repr\u00e9sentants, Steve Witkoff, l\u2019envoy\u00e9 sp\u00e9cial de M. Trump, a r\u00e9pondu \u00e0 leurs demandes d\u2019\u00e9claircissements sur son cinqui\u00e8me entretien avec M. Poutine le 6\u00a0ao\u00fbt, qui a \u00e9t\u00e9 et reste la source d\u2019une grande confusion.<\/p>\n<p>                        <img loading=\"lazy\" decoding=\"async\" src=\"https:\/\/www.europesays.com\/fr\/wp-content\/uploads\/2025\/08\/f9c1133_ftp-import-images-1-5nfvjqyf1wed-2025-08-08t110200z-1776912233-rc2y2gas2tma-rtrmadp-3-russia.jpeg\" alt=\"Vladimir Poutine \u00e0 Moscou, le 8\u00a0ao\u00fbt 2025.\"   width=\"664\" height=\"443\"\/>    Vladimir Poutine \u00e0 Moscou, le 8\u00a0ao\u00fbt 2025.  MIKHAIL METZEL\/SPUTNIK\/REUTERS                   <\/p>\n<p class=\"article__paragraph  \">Les choses bougent\u00a0; elles vont continuer \u00e0 bouger d\u2019ici \u00e0 vendredi. Poutine a saisi l\u2019irritation de Washington, il a not\u00e9 la pression exerc\u00e9e sur l\u2019Inde et ses achats de p\u00e9trole russe, et il ne veut pas rompre avec Trump. Il a donc \u00e9vit\u00e9 de r\u00e9it\u00e9rer \u00e0 Witkoff ses revendications maximalistes sur la \u00ab\u00a0d\u00e9nazification\u00a0\u00bb et la d\u00e9militarisation de l\u2019Ukraine, se limitant aux questions territoriales. Si les Am\u00e9ricains sont dupes, les Europ\u00e9ens, \u00e9chaud\u00e9s, du moins les voix d\u00e9cisives parmi eux, ne le sont pas. Il leur reste trois jours pour convaincre Washington que seule la ligne de la fermet\u00e9 et de la pression accrue peut amener Vladimir Poutine \u00e0 une vraie n\u00e9gociation. Le moment est crucial, si l\u2019on veut transformer le pi\u00e8ge de l\u2019Alaska en opportunit\u00e9.<\/p>\n<p class=\"author__detail\"> Le Monde <\/p>\n<p>                      <a href=\"https:\/\/www.lemonde.fr\/syndication\/\" class=\"reuse__content\" title=\"R\u00e9utiliser ce contenu\" target=\"_blank\" rel=\"nofollow noopener\">R\u00e9utiliser ce contenu<\/a>      <\/p>\n","protected":false},"excerpt":{"rendered":"Pour la premi\u00e8re fois depuis l\u2019invasion \u00e0 grande \u00e9chelle de l\u2019Ukraine par la Russie, il y a trois&hellip;\n","protected":false},"author":2,"featured_media":311419,"comment_status":"","ping_status":"","sticky":false,"template":"","format":"standard","meta":{"footnotes":""},"categories":[1590],"tags":[11,1777,674,12,220],"class_list":{"0":"post-311418","1":"post","2":"type-post","3":"status-publish","4":"format-standard","5":"has-post-thumbnail","7":"category-ukraine","8":"tag-actualites","9":"tag-eu","10":"tag-europe","11":"tag-news","12":"tag-ukraine"},"share_on_mastodon":{"url":"https:\/\/pubeurope.com\/@fr\/115009778143837272","error":""},"_links":{"self":[{"href":"https:\/\/www.europesays.com\/fr\/wp-json\/wp\/v2\/posts\/311418","targetHints":{"allow":["GET"]}}],"collection":[{"href":"https:\/\/www.europesays.com\/fr\/wp-json\/wp\/v2\/posts"}],"about":[{"href":"https:\/\/www.europesays.com\/fr\/wp-json\/wp\/v2\/types\/post"}],"author":[{"embeddable":true,"href":"https:\/\/www.europesays.com\/fr\/wp-json\/wp\/v2\/users\/2"}],"replies":[{"embeddable":true,"href":"https:\/\/www.europesays.com\/fr\/wp-json\/wp\/v2\/comments?post=311418"}],"version-history":[{"count":0,"href":"https:\/\/www.europesays.com\/fr\/wp-json\/wp\/v2\/posts\/311418\/revisions"}],"wp:featuredmedia":[{"embeddable":true,"href":"https:\/\/www.europesays.com\/fr\/wp-json\/wp\/v2\/media\/311419"}],"wp:attachment":[{"href":"https:\/\/www.europesays.com\/fr\/wp-json\/wp\/v2\/media?parent=311418"}],"wp:term":[{"taxonomy":"category","embeddable":true,"href":"https:\/\/www.europesays.com\/fr\/wp-json\/wp\/v2\/categories?post=311418"},{"taxonomy":"post_tag","embeddable":true,"href":"https:\/\/www.europesays.com\/fr\/wp-json\/wp\/v2\/tags?post=311418"}],"curies":[{"name":"wp","href":"https:\/\/api.w.org\/{rel}","templated":true}]}}