{"id":311420,"date":"2025-08-11T10:58:12","date_gmt":"2025-08-11T10:58:12","guid":{"rendered":"https:\/\/www.europesays.com\/fr\/311420\/"},"modified":"2025-08-11T10:58:12","modified_gmt":"2025-08-11T10:58:12","slug":"pilatus-suspend-les-livraisons-de-pc-12-et-pc-24-aux-usa","status":"publish","type":"post","link":"https:\/\/www.europesays.com\/fr\/311420\/","title":{"rendered":"Pilatus suspend les livraisons de PC-12 et PC-24 aux USA"},"content":{"rendered":"<p>\t\t\t\t\t\t\t\t<img width=\"800\" height=\"515\" src=\"data:image\/svg+xml,%3Csvg%20xmlns=\" http:=\"\" class=\"attachment-article size-article wp-post-image\" alt=\"\" decoding=\"async\" fetchpriority=\"high\" data-lazy- data-lazy- data-attachment-id=\"7925214\" data-permalink=\"https:\/\/www.aerobuzz.fr\/industrie\/pilatus-suspend-les-livraisons-de-pc-12-et-pc-24-aux-usa\/attachment\/oshkosh-pc12-pc24\/\" data-orig-file=\"https:\/\/i0.wp.com\/www.aerobuzz.fr\/wp-content\/uploads\/2025\/08\/Oshkosh-PC12-PC24.jpg?fit=800%2C515&amp;ssl=1\" data-orig-size=\"800,515\" data-comments-opened=\"1\" data-image-meta=\"{&quot;aperture&quot;:&quot;0&quot;,&quot;credit&quot;:&quot;&quot;,&quot;camera&quot;:&quot;&quot;,&quot;caption&quot;:&quot;&quot;,&quot;created_timestamp&quot;:&quot;0&quot;,&quot;copyright&quot;:&quot;&quot;,&quot;focal_length&quot;:&quot;0&quot;,&quot;iso&quot;:&quot;0&quot;,&quot;shutter_speed&quot;:&quot;0&quot;,&quot;title&quot;:&quot;&quot;,&quot;orientation&quot;:&quot;1&quot;}\" data-image-title=\"\" data-image-description=\"\" data-image-caption=\"&lt;p&gt;Fin juillet 2025, Pilatus \u00e9tait pr\u00e9sent en force, au salon AirVenture d\u2019Oskosh. C\u2019\u00e9tait avant le coup de massue fiscale de l\u2019administration Trump. \u00a9 Pilatus Aircraft&lt;\/p&gt;&#10;\" data-medium-file=\"https:\/\/i0.wp.com\/www.aerobuzz.fr\/wp-content\/uploads\/2025\/08\/Oshkosh-PC12-PC24.jpg?resize=300%2C193&amp;ssl=1\" data-large-file=\"https:\/\/i0.wp.com\/www.aerobuzz.fr\/wp-content\/uploads\/2025\/08\/Oshkosh-PC12-PC24.jpg?resize=600%2C386&amp;ssl=1\" data-lazy-src=\"https:\/\/www.europesays.com\/fr\/wp-content\/uploads\/2025\/08\/Oshkosh-PC12-PC24.jpg\"\/>\t\t\t\t\t\t\t<\/p>\n<p>Fin juillet 2025, Pilatus \u00e9tait pr\u00e9sent en force, au salon AirVenture d&rsquo;Oskosh. C&rsquo;\u00e9tait avant le coup de massue fiscale de l&rsquo;administration Trump. \u00a9 Pilatus Aircraft<\/p>\n<p>Suite \u00e0 l\u2019entr\u00e9e en vigueur de taxes douani\u00e8res de 39% sur les produits suisses import\u00e9s aux USA, le constructeur a\u00e9ronautique suisse Pilatus a annonc\u00e9 qu\u2019il suspendait temporairement ses livraisons de monoturbopropulseur PC-12 et de bir\u00e9acteurs PC-24 \u00e0 ses clients am\u00e9ricains.<\/p>\n<p>La d\u00e9cision est radicale. A la hauteur du coup de masse fiscale. Pilatus estime, qu\u2019avec la surtaxe douani\u00e8re de 38% impos\u00e9e par l\u2019administration Trump, ses avions ne sont plus comp\u00e9titifs aux USA. D\u2019o\u00f9 l\u2019annonce par le constructeur a\u00e9ronautique suisse de suspendre temporairement ses livraisons. Une d\u00e9cision lourde de cons\u00e9quence du fait que le march\u00e9 am\u00e9ricain repr\u00e9sente environ 39% des livraisons de Pilatus.<\/p>\n<p>Pilatus annonce qu\u2019il suspend \u00e9galement sa prospection commerciale aux USA. Dans l\u2019imm\u00e9diat, il va r\u00e9orienter ses livraisons vers d\u2019autres march\u00e9s. Il envisage aussi de d\u00e9velopper ses activit\u00e9s industrielles am\u00e9ricaines\u00a0; Pilatus \u00e9voque une unit\u00e9 d\u2019assemblage \u00e0 Sarasota, en Floride. Trump se frotte les mains. En attendant, le ch\u00f4mage technique guette les 3.000 employ\u00e9s suisses.<\/p>\n<p>\n\tArticles similaires<\/p>\n","protected":false},"excerpt":{"rendered":"Fin juillet 2025, Pilatus \u00e9tait pr\u00e9sent en force, au salon AirVenture d&rsquo;Oskosh. C&rsquo;\u00e9tait avant le coup de massue&hellip;\n","protected":false},"author":2,"featured_media":311421,"comment_status":"","ping_status":"","sticky":false,"template":"","format":"standard","meta":{"footnotes":""},"categories":[1589],"tags":[11,73,1866,12,45139,1864,1865,1863,308],"class_list":{"0":"post-311420","1":"post","2":"type-post","3":"status-publish","4":"format-standard","5":"has-post-thumbnail","7":"category-etats-unis","8":"tag-actualites","9":"tag-etats-unis","10":"tag-etats-unis-damerique","11":"tag-news","12":"tag-pilatus","13":"tag-united-states","14":"tag-united-states-of-america","15":"tag-us","16":"tag-usa"},"share_on_mastodon":{"url":"https:\/\/pubeurope.com\/@fr\/115009781960258655","error":""},"_links":{"self":[{"href":"https:\/\/www.europesays.com\/fr\/wp-json\/wp\/v2\/posts\/311420","targetHints":{"allow":["GET"]}}],"collection":[{"href":"https:\/\/www.europesays.com\/fr\/wp-json\/wp\/v2\/posts"}],"about":[{"href":"https:\/\/www.europesays.com\/fr\/wp-json\/wp\/v2\/types\/post"}],"author":[{"embeddable":true,"href":"https:\/\/www.europesays.com\/fr\/wp-json\/wp\/v2\/users\/2"}],"replies":[{"embeddable":true,"href":"https:\/\/www.europesays.com\/fr\/wp-json\/wp\/v2\/comments?post=311420"}],"version-history":[{"count":0,"href":"https:\/\/www.europesays.com\/fr\/wp-json\/wp\/v2\/posts\/311420\/revisions"}],"wp:featuredmedia":[{"embeddable":true,"href":"https:\/\/www.europesays.com\/fr\/wp-json\/wp\/v2\/media\/311421"}],"wp:attachment":[{"href":"https:\/\/www.europesays.com\/fr\/wp-json\/wp\/v2\/media?parent=311420"}],"wp:term":[{"taxonomy":"category","embeddable":true,"href":"https:\/\/www.europesays.com\/fr\/wp-json\/wp\/v2\/categories?post=311420"},{"taxonomy":"post_tag","embeddable":true,"href":"https:\/\/www.europesays.com\/fr\/wp-json\/wp\/v2\/tags?post=311420"}],"curies":[{"name":"wp","href":"https:\/\/api.w.org\/{rel}","templated":true}]}}