{"id":311428,"date":"2025-08-11T11:02:10","date_gmt":"2025-08-11T11:02:10","guid":{"rendered":"https:\/\/www.europesays.com\/fr\/311428\/"},"modified":"2025-08-11T11:02:10","modified_gmt":"2025-08-11T11:02:10","slug":"laccord-entre-lue-et-les-etats-unis-nest-pas-equilibre-deplore-le-ministre-du-commerce","status":"publish","type":"post","link":"https:\/\/www.europesays.com\/fr\/311428\/","title":{"rendered":"L\u2019accord entre l\u2019UE et les Etats-Unis \u00ab\u00a0n\u2019est pas \u00e9quilibr\u00e9\u00a0\u00bb, d\u00e9plore le ministre du Commerce"},"content":{"rendered":"<p>C\u2019est l\u2019accord qui fait parler. Fin juillet, <a href=\"https:\/\/www.20minutes.fr\/dossier\/donald_trump\" class=\"color-ultramarine c-link\" target=\"_blank\" rel=\"noopener\">Donald Trump<\/a> et <a href=\"https:\/\/www.20minutes.fr\/politique\/ursula-von-der-leyen\/\" class=\"color-ultramarine c-link\" target=\"_blank\" rel=\"noopener\">Ursula von der Leyen<\/a> ont annonc\u00e9 avoir trouv\u00e9 une entente sur les <a href=\"https:\/\/www.20minutes.fr\/economie\/droits-douane-americains\/\" class=\"color-ultramarine c-link\" target=\"_blank\" rel=\"noopener\">droits de douane<\/a> entre les <a href=\"https:\/\/www.20minutes.fr\/monde\/etats-unis\/\" class=\"color-ultramarine c-link\" target=\"_blank\" rel=\"noopener\">Etats-Unis<\/a> et l\u2019<a href=\"https:\/\/www.20minutes.fr\/dossier\/ue\" class=\"color-ultramarine c-link\" target=\"_blank\" rel=\"noopener\">Union europ\u00e9enne<\/a>. Ils se sont accord\u00e9s sur 15\u00a0%, ce qui repr\u00e9sente plus ou moins ce qui est d\u00e9j\u00e0 en vigueur depuis l\u2019arriv\u00e9e de Trump au pouvoir (contre 4,8\u00a0% avant son \u00e9lection).<\/p>\n<p>L\u2019Union europ\u00e9enne aurait-elle c\u00e9d\u00e9 devant son habituel partenaire\u00a0? Beaucoup le pensent dont\u2026 le ministre fran\u00e7ais charg\u00e9 du Commerce ext\u00e9rieur, Laurent Saint-Martin.<\/p>\n<\/p>\n<p>\u00ab\u00a0Est-ce que cet accord est \u00e9quilibr\u00e9\u00a0? Non, faut \u00eatre tr\u00e8s clair l\u00e0-dessus. Cet accord n\u2019est pas \u00e9quilibr\u00e9. Il va nous falloir continuer \u00e0 travailler, notamment sur la partie services. [\u2026] A nous aussi de faire de travail de force et de r\u00e9\u00e9quilibrage d\u00e9sormais\u00a0\u00bb, a lanc\u00e9 le ministre ce lundi matin sur France Inter.<\/p>\n<p>\u00ab\u00a0Nous aurions eu int\u00e9r\u00eat faire un bras de fer plus dur, plus ferme avec les Etats-Unis [\u2026] Donald Trump comprend le bras de fer uniquement. C\u2019est lui qui le cr\u00e9e\u00a0\u00bb, a-t-il ajout\u00e9, sans vouloir \u00ab\u00a0refaire le match\u00a0\u00bb.<\/p>\n<p>\u00ab\u00a0Il y a un accord donc nos entreprises ont de la visibilit\u00e9. Il y a de la stabilit\u00e9 commerciale dans la relation transatlantique. C\u2019est la bonne nouvelle\u00a0\u00bb, a nuanc\u00e9 Laurent Saint-Martin.<\/p>\n","protected":false},"excerpt":{"rendered":"C\u2019est l\u2019accord qui fait parler. Fin juillet, Donald Trump et Ursula von der Leyen ont annonc\u00e9 avoir trouv\u00e9&hellip;\n","protected":false},"author":2,"featured_media":311429,"comment_status":"","ping_status":"","sticky":false,"template":"","format":"standard","meta":{"footnotes":""},"categories":[1586],"tags":[47,11,75,33742,33,73,1777,674,1779,1011,27,12,25,1778,364,555],"class_list":{"0":"post-311428","1":"post","2":"type-post","3":"status-publish","4":"format-standard","5":"has-post-thumbnail","7":"category-europe","8":"tag-actualite","9":"tag-actualites","10":"tag-donald-trump","11":"tag-droits-de-douane-americains","12":"tag-economie","13":"tag-etats-unis","14":"tag-eu","15":"tag-europe","16":"tag-european-union","17":"tag-fr","18":"tag-france","19":"tag-news","20":"tag-republique-francaise","21":"tag-ue","22":"tag-union-europeenne","23":"tag-union-europeenne-ue"},"share_on_mastodon":{"url":"https:\/\/pubeurope.com\/@fr\/115009797865990964","error":""},"_links":{"self":[{"href":"https:\/\/www.europesays.com\/fr\/wp-json\/wp\/v2\/posts\/311428","targetHints":{"allow":["GET"]}}],"collection":[{"href":"https:\/\/www.europesays.com\/fr\/wp-json\/wp\/v2\/posts"}],"about":[{"href":"https:\/\/www.europesays.com\/fr\/wp-json\/wp\/v2\/types\/post"}],"author":[{"embeddable":true,"href":"https:\/\/www.europesays.com\/fr\/wp-json\/wp\/v2\/users\/2"}],"replies":[{"embeddable":true,"href":"https:\/\/www.europesays.com\/fr\/wp-json\/wp\/v2\/comments?post=311428"}],"version-history":[{"count":0,"href":"https:\/\/www.europesays.com\/fr\/wp-json\/wp\/v2\/posts\/311428\/revisions"}],"wp:featuredmedia":[{"embeddable":true,"href":"https:\/\/www.europesays.com\/fr\/wp-json\/wp\/v2\/media\/311429"}],"wp:attachment":[{"href":"https:\/\/www.europesays.com\/fr\/wp-json\/wp\/v2\/media?parent=311428"}],"wp:term":[{"taxonomy":"category","embeddable":true,"href":"https:\/\/www.europesays.com\/fr\/wp-json\/wp\/v2\/categories?post=311428"},{"taxonomy":"post_tag","embeddable":true,"href":"https:\/\/www.europesays.com\/fr\/wp-json\/wp\/v2\/tags?post=311428"}],"curies":[{"name":"wp","href":"https:\/\/api.w.org\/{rel}","templated":true}]}}