{"id":31143,"date":"2025-04-17T07:39:01","date_gmt":"2025-04-17T07:39:01","guid":{"rendered":"https:\/\/www.europesays.com\/fr\/31143\/"},"modified":"2025-04-17T07:39:01","modified_gmt":"2025-04-17T07:39:01","slug":"bon-plan-sorties-nouvelles-adresses-a-tester-que-faire-a-rouen-ce-weekend","status":"publish","type":"post","link":"https:\/\/www.europesays.com\/fr\/31143\/","title":{"rendered":"Bon plan, sorties, nouvelles adresses \u00e0 tester&#8230; Que faire \u00e0 Rouen ce weekend\u00a0?"},"content":{"rendered":"<p>            Par<br \/>\n        <strong><br \/>\n            <a href=\"https:\/\/actu.fr\/auteur\/adrien-filoche\" title=\"Consulter tous les articles de Adrien Filoche\" rel=\"nofollow noopener\" target=\"_blank\">Adrien Filoche<\/a><br \/>\n        <\/strong><\/p>\n<p>        Publi\u00e9 le<\/p>\n<p>            11 avr. 2025 \u00e0 10h22        <\/p>\n<p>Pour les chanceux en vacances, mais aussi pour ceux qui n\u2019ont pas eu la chance de prendre des cong\u00e9s, la r\u00e9daction de 76actu\u00a0propose comme \u00e0 son habitude <strong>une liste non exhaustive des activit\u00e9s<\/strong> autour de <a href=\"https:\/\/actu.fr\/normandie\/rouen_76540\" rel=\"nofollow noopener\" target=\"_blank\">Rouen<\/a> pendant le weekend du 12 et 13\u00a0avril 2025.<\/p>\n<p>Une vente de livres d\u2019occasion<\/p>\n<p class=\" wall-content\">Envie de remplir votre biblioth\u00e8que\u2009? Le Secours Populaire organise du 11 au 13\u00a0avril 2025 sa traditionnelle <a href=\"https:\/\/actu.fr\/normandie\/rouen_76540\/vous-voulez-acheter-des-livres-a-moins-d-1-euro-a-rouen-on-a-un-bon-plan-pour-vous_62485865.html\" rel=\"nofollow noopener\" target=\"_blank\">vente de livres d\u2019occasion<\/a> \u00e0 la Halle aux Toiles \u00e0 Rouen. L\u2019occasion de faire de bonnes affaires\u2009!<\/p>\n<p>Des nouvelles adresses \u00e0 tester<\/p>\n<p class=\" wall-content\">Pour les vacances de printemps, la r\u00e9daction de 76actu vous a s\u00e9lectionn\u00e9 plein de nouvelles adresses \u00e0 tester dans les prochains jours, entre restaurants, bars et boutiques de mode. \u00c0 retrouver dans <a href=\"https:\/\/actu.fr\/normandie\/rouen_76540\/shopping-gourmandises-voici-plein-de-nouvelles-adresses-a-tester-a-rouen-pendant-les-vacances_62459514.html\" rel=\"nofollow noopener\" target=\"_blank\">notre article.<\/a><\/p>\n<p>Pourquoi pas faire un pique-nique\u2009?<\/p>\n<p class=\" wall-content\">Il faudra guetter la m\u00e9t\u00e9o, mais si le temps se maintient, vous pourrez en profiter pour faire un pique-nique \u00e0 Rouen. <a href=\"https:\/\/actu.fr\/normandie\/rouen_76540\/nos-10-lieux-pour-faire-un-pique-nique-a-rouen-et-ses-alentours_61302030.html\" rel=\"nofollow noopener\" target=\"_blank\">On vous a s\u00e9lectionn\u00e9 10 lieux dans le coin\u2009!<\/a><\/p>\n<p>L\u2019Open de Rouen pour les amoureux de tennis<\/p>\n<p class=\" wall-content\">Du beau monde est attendu sur les courts en terre battue de la Kindarena du 12 au 20 avril avec le d\u00e9but de l\u2019Open Capfinances Rouen M\u00e9tropole (WTA 250). Certaines des meilleures joueuses mondiales seront pr\u00e9sentes, dont l\u2019Ukrainienne Elina Svitolina, mais \u00e9galement les Fran\u00e7aises Caroline Garcia, Aliz\u00e9 Cornet et Diane Parry.<\/p>\n<p>Le spectacle Luminescence dans la cath\u00e9drale<\/p>\n<p class=\" wall-content\">Vous n\u2019avez pas encore eu la chance d\u2019assister \u00e0 Luminescence\u2009? Le spectacle son et lumi\u00e8re immersif propos\u00e9 depuis fin janvier\u00a02025 dans la cath\u00e9drale de Rouen a tellement s\u00e9duit le public que <a href=\"https:\/\/actu.fr\/normandie\/rouen_76540\/vous-avez-rate-luminiscence-a-la-cathedrale-de-rouen-voici-une-bonne-nouvelle_62404610.html\" rel=\"nofollow noopener\" target=\"_blank\">de nouvelles dates ont \u00e9t\u00e9 annonc\u00e9es,<\/a> dont ce weekend du 12 et 13\u00a0avril.<\/p>\n<p>Vid\u00e9os : en ce moment sur ActuLa For\u00eat Monumentale \u00e0 Canteleu<\/p>\n<p class=\" wall-content\">Pour ceux qui souhaitent s\u2019a\u00e9rer, on ne peut que vous recommander de faire un tour dans la for\u00eat de Canteleu pour d\u00e9couvrir ou red\u00e9couvrir la deuxi\u00e8me saison de l\u2019exposition d\u2019\u0153uvres XXL For\u00eat Monumentale.<\/p>\n<p>Suivez l\u2019actualit\u00e9 de Rouen sur notre cha\u00eene <a href=\"https:\/\/www.whatsapp.com\/channel\/0029VaKfnf99hXF2ddApFB1D\" rel=\"nofollow noopener\" target=\"_blank\">WhatsApp<\/a> et sur notre compte <a href=\"https:\/\/www.tiktok.com\/@76actu.fr?lang=fr\" rel=\"nofollow noopener\" target=\"_blank\">TikTok<\/a>Vous souhaitez annoncer un \u00e9v\u00e9nement festif ou associatif, une initiative locale\u2009? Rendez-vous sur notre plateforme <a href=\"https:\/\/www.infolocale.fr\/decouvrir\/actu\/\" rel=\"nofollow noopener\" target=\"_blank\">Infolocale<\/a><\/p>\n<p class=\" wall-content\">Suivez toute l\u2019actualit\u00e9 de vos villes et m\u00e9dias favoris en vous inscrivant \u00e0 <a href=\"https:\/\/moncompte.actu.fr\" title=\"D\u00e9couvez Mon Actu\" rel=\"nofollow noopener\" data-trk=\"{&quot;cta&quot;:{&quot;action&quot;:&quot;https:\\\/\\\/moncompte.actu.fr&quot;,&quot;category&quot;:&quot;mon compte&quot;,&quot;from&quot;:&quot;article footer&quot;,&quot;name&quot;:&quot;Mon actu&quot;,&quot;type&quot;:&quot;cta&quot;}}\" target=\"_blank\">Mon Actu<\/a>.<\/p>\n<p>                    <script async src=\"\/\/www.tiktok.com\/embed.js\"><\/script><\/p>\n","protected":false},"excerpt":{"rendered":"Par Adrien Filoche Publi\u00e9 le 11 avr. 2025 \u00e0 10h22 Pour les chanceux en vacances, mais aussi pour&hellip;\n","protected":false},"author":2,"featured_media":31144,"comment_status":"","ping_status":"","sticky":false,"template":"","format":"standard","meta":{"footnotes":""},"categories":[9587],"tags":[1111,11,9086,1777,674,1011,27,1652,12,5161,25,9590],"class_list":{"0":"post-31143","1":"post","2":"type-post","3":"status-publish","4":"format-standard","5":"has-post-thumbnail","7":"category-rouen","8":"tag-actu","9":"tag-actualites","10":"tag-bon-plan-a-rouen","11":"tag-eu","12":"tag-europe","13":"tag-fr","14":"tag-france","15":"tag-loisirs-culture","16":"tag-news","17":"tag-normandie","18":"tag-republique-francaise","19":"tag-rouen"},"share_on_mastodon":{"url":"","error":""},"_links":{"self":[{"href":"https:\/\/www.europesays.com\/fr\/wp-json\/wp\/v2\/posts\/31143","targetHints":{"allow":["GET"]}}],"collection":[{"href":"https:\/\/www.europesays.com\/fr\/wp-json\/wp\/v2\/posts"}],"about":[{"href":"https:\/\/www.europesays.com\/fr\/wp-json\/wp\/v2\/types\/post"}],"author":[{"embeddable":true,"href":"https:\/\/www.europesays.com\/fr\/wp-json\/wp\/v2\/users\/2"}],"replies":[{"embeddable":true,"href":"https:\/\/www.europesays.com\/fr\/wp-json\/wp\/v2\/comments?post=31143"}],"version-history":[{"count":0,"href":"https:\/\/www.europesays.com\/fr\/wp-json\/wp\/v2\/posts\/31143\/revisions"}],"wp:featuredmedia":[{"embeddable":true,"href":"https:\/\/www.europesays.com\/fr\/wp-json\/wp\/v2\/media\/31144"}],"wp:attachment":[{"href":"https:\/\/www.europesays.com\/fr\/wp-json\/wp\/v2\/media?parent=31143"}],"wp:term":[{"taxonomy":"category","embeddable":true,"href":"https:\/\/www.europesays.com\/fr\/wp-json\/wp\/v2\/categories?post=31143"},{"taxonomy":"post_tag","embeddable":true,"href":"https:\/\/www.europesays.com\/fr\/wp-json\/wp\/v2\/tags?post=31143"}],"curies":[{"name":"wp","href":"https:\/\/api.w.org\/{rel}","templated":true}]}}