{"id":311430,"date":"2025-08-11T11:03:11","date_gmt":"2025-08-11T11:03:11","guid":{"rendered":"https:\/\/www.europesays.com\/fr\/311430\/"},"modified":"2025-08-11T11:03:11","modified_gmt":"2025-08-11T11:03:11","slug":"cinq-journalistes-dal-jazeera-dont-anas-al-sharif-tues-dans-une-frappe-israelienne-liberation","status":"publish","type":"post","link":"https:\/\/www.europesays.com\/fr\/311430\/","title":{"rendered":"cinq journalistes d\u2019Al Jazeera, dont Anas al-Sharif, tu\u00e9s dans une frappe isra\u00e9lienne \u2013 Lib\u00e9ration"},"content":{"rendered":"<p class=\"sc-ksZaOG ehjQrN text-element\"><a href=\"https:\/\/www.liberation.fr\/international\/moyen-orient\/les-derniers-reporters-de-gaza-vont-mourir-les-journalistes-de-lafp-alertent-sur-les-conditions-de-vie-de-leurs-collaborateurs-dans-lenclave-20250722_5RTMLGP4HZA77AS5D57FKFLULA\/\" target=\"_blank\" rel=\"noopener\" title=\"https:\/\/www.liberation.fr\/international\/moyen-orient\/les-derniers-reporters-de-gaza-vont-mourir-les-journalistes-de-lafp-alertent-sur-les-conditions-de-vie-de-leurs-collaborateurs-dans-lenclave-20250722_5RTMLGP4HZA77AS5D57FKFLULA\/\">La liste des journalistes tu\u00e9s dans la bande de Gaza<\/a> s\u2019allonge une nouvelle fois.<a href=\"https:\/\/www.liberation.fr\/international\/la-chaine-al-jazeera-une-arme-dinformation-massive-au-service-du-hamas-20231105_B23WPDIW6JE57IQRNFSVFEPVHU\/\" target=\"_blank\" rel=\"noopener\" title=\"https:\/\/www.liberation.fr\/international\/la-chaine-al-jazeera-une-arme-dinformation-massive-au-service-du-hamas-20231105_B23WPDIW6JE57IQRNFSVFEPVHU\/\"> Al Jazeera<\/a> a annonc\u00e9 la mort de cinq de ses journalistes dimanche 10\u00a0ao\u00fbt lors d\u2019une frappe isra\u00e9lienne dans l\u2019enclave palestinienne, dont un reporter bien connu de ses t\u00e9l\u00e9spectateurs. L\u2019arm\u00e9e isra\u00e9lienne a reconnu avoir d\u00e9lib\u00e9r\u00e9ment cibl\u00e9 ce dernier, le qualifiant de \u00abterroriste\u00bb.<\/p>\n<p class=\"sc-ksZaOG ehjQrN text-element\">Au moment o\u00f9 le gouvernement isra\u00e9lien se montre d\u00e9termin\u00e9 \u00e0 mettre en \u0153uvre son nouveau plan d\u2019op\u00e9ration dans le territoire palestinien d\u00e9vast\u00e9 et affam\u00e9 par vingt-deux mois de guerre, la cha\u00eene bas\u00e9e au Qatar a fait \u00e9tat de \u00abce qui semble \u00eatre une attaque cibl\u00e9e isra\u00e9lienne\u00bb sur une tente utilis\u00e9e par ses journalistes \u00e0 Gaza-city, devant l\u2019h\u00f4pital Al-Shifa.<\/p>\n<p class=\"sc-ksZaOG ehjQrN text-element\">Elle a fait part du d\u00e9c\u00e8s de ses correspondants Anas al-Sharif et Mohammed Qreiqeh, ainsi que des cameramen Ibrahim Zaher, Mohammed Noufal et Moamen Aliwa. Leurs noms s\u2019ajoutent \u00e0 la liste des pr\u00e8s de 200 journalistes, selon Reporters sans fronti\u00e8res,<a href=\"https:\/\/www.liberation.fr\/international\/dans-lhistoire-de-notre-profession-cest-une-hecatombe-jamais-vue-a-paris-lhommage-des-journalistes-a-leurs-confreres-palestiniens-tues-a-gaza-20250416_YOBVBC3OEJC73EZRLWWBCUVHE4\/\" target=\"_blank\" rel=\"noopener\" title=\"https:\/\/www.liberation.fr\/international\/dans-lhistoire-de-notre-profession-cest-une-hecatombe-jamais-vue-a-paris-lhommage-des-journalistes-a-leurs-confreres-palestiniens-tues-a-gaza-20250416_YOBVBC3OEJC73EZRLWWBCUVHE4\/\"> tu\u00e9s dans la guerre<\/a> lanc\u00e9e en repr\u00e9sailles \u00e0 la sanglante attaque du mouvement palestinien Hamas du 7\u00a0octobre 2023.<\/p>\n<p class=\"sc-ksZaOG ehjQrN text-element\">L\u2019organisation de d\u00e9fense de la presse Reporters sans fronti\u00e8res (RSF) a d\u00e9nonc\u00e9 ce lundi \u00abavec force et col\u00e8re l\u2019assassinat revendiqu\u00e9\u00bb par l\u2019arm\u00e9e isra\u00e9lienne du journaliste de la cha\u00eene Al Jazeera. \u00abAnas al-Sharif, l\u2019un des journalistes les plus c\u00e9l\u00e8bres de la bande de Gaza, \u00e9tait la voix de la souffrance impos\u00e9e par Isra\u00ebl aux Palestiniens de Gaza\u00bb, a d\u00e9clar\u00e9 l\u2019ONG dans un communiqu\u00e9, en demandant une \u00abaction forte de la communaut\u00e9 internationale pour stopper l\u2019arm\u00e9e isra\u00e9lienne\u00bb.<\/p>\n<p class=\"sc-ksZaOG ehjQrN text-element\">Selon RSF, \u00able Conseil de s\u00e9curit\u00e9 des Nations unies doit se r\u00e9unir d\u2019urgence sur le fondement de la r\u00e9solution 2222 de\u00a02015 sur la protection des journalistes en p\u00e9riode de conflit arm\u00e9\u00bb, afin d\u2019\u00e9viter \u00abde tels meurtres extrajudiciaires de professionnels de m\u00e9dias\u00bb. L\u2019ONG souligne avoir d\u00e9pos\u00e9 \u00abquatre plaintes\u00bb contre l\u2019arm\u00e9e isra\u00e9lienne \u00abaupr\u00e8s de la Cour p\u00e9nale internationale pour crimes de guerre commis contre les journalistes \u00e0 Gaza\u00bb.<\/p>\n<p class=\"sc-ksZaOG ehjQrN text-element\">Anas al-Sharif, 28\u00a0ans, \u00e9tait l\u2019un des visages les plus connus parmi<a href=\"https:\/\/www.liberation.fr\/international\/moyen-orient\/les-derniers-reporters-de-gaza-vont-mourir-les-journalistes-de-lafp-alertent-sur-les-conditions-de-vie-de-leurs-collaborateurs-dans-lenclave-20250722_5RTMLGP4HZA77AS5D57FKFLULA\/\" target=\"_blank\" rel=\"noopener\" title=\"https:\/\/www.liberation.fr\/international\/moyen-orient\/les-derniers-reporters-de-gaza-vont-mourir-les-journalistes-de-lafp-alertent-sur-les-conditions-de-vie-de-leurs-collaborateurs-dans-lenclave-20250722_5RTMLGP4HZA77AS5D57FKFLULA\/\"> les correspondants couvrant au quotidien le conflit \u00e0 Gaza<\/a>. L\u2019arm\u00e9e isra\u00e9lienne a confirm\u00e9 l\u2019avoir cibl\u00e9, le qualifiant de \u00abterroriste\u00bb qui \u00abse faisait passer pour un journaliste\u00bb. Il \u00ab\u00e9tait le chef d\u2019une cellule terroriste au sein de l\u2019organisation terroriste Hamas et \u00e9tait responsable de la pr\u00e9paration d\u2019attaques de roquettes contre des civils isra\u00e9liens et les troupes\u00bb isra\u00e9liennes, a-t-elle assur\u00e9 sur Telegram.<\/p>\n<p class=\"sc-ksZaOG ehjQrN text-element\">RSF a r\u00e9torqu\u00e9 que ces accusations avaient \u00e9t\u00e9 formul\u00e9es \u00absans preuves\u00bb, en reprochant \u00e0 l\u2019arm\u00e9e isra\u00e9lienne d\u2019avoir \u00abreproduit un proc\u00e9d\u00e9 connu et d\u00e9j\u00e0 \u00e9prouv\u00e9, notamment contre des journalistes d\u2019Al-Jazeera\u00bb. \u00abLe 31\u00a0juillet 2024, l\u2019arm\u00e9e isra\u00e9lienne avait tu\u00e9 les reporters Ismail al-Ghoul et Rami al-Rifi dans une frappe cibl\u00e9e et revendiqu\u00e9e, accusant le premier d\u2019\u00eatre un terroriste\u00bb, a fait valoir l\u2019ONG.<\/p>\n<p class=\"sc-ksZaOG ehjQrN text-element\">En juillet, le Comit\u00e9 pour la protection des journalistes avait \u00e9galement accus\u00e9 l\u2019arm\u00e9e isra\u00e9lienne de mener \u00abune campagne de diffamation\u00bb envers le journaliste en le pr\u00e9sentant dans des messages en ligne comme un membre du Hamas. \u00abLa tendance d\u2019Isra\u00ebl consistant \u00e0 qualifier les journalistes de militants sans fournir de preuves cr\u00e9dibles soul\u00e8ve de s\u00e9rieuses questions sur ses intentions et son respect de la libert\u00e9 de la presse\u00bb, a d\u00e9nonc\u00e9 Sara Qudah, directrice r\u00e9gionale de l\u2019organisation bas\u00e9e \u00e0 New York dans la nuit de dimanche \u00e0 lundi. \u00abLes journalistes sont des civils et ne doivent jamais \u00eatre pris pour cible. Ceux qui sont responsables de ces meurtres doivent rendre des comptes\u00bb, a-t-elle ajout\u00e9 dans un communiqu\u00e9.<\/p>\n<p class=\"sc-ksZaOG ehjQrN text-element\"><a href=\"https:\/\/www.liberation.fr\/international\/moyen-orient\/palestine-la-chaine-al-jazeera-suspendue-sur-fond-daffrontements-dans-les-territoires-20250102_PM7CDJS64FFITJTUSR35GEKZ3E\/\" target=\"_blank\" rel=\"noopener\" title=\"https:\/\/www.liberation.fr\/international\/moyen-orient\/palestine-la-chaine-al-jazeera-suspendue-sur-fond-daffrontements-dans-les-territoires-20250102_PM7CDJS64FFITJTUSR35GEKZ3E\/\">Isra\u00ebl avait d\u00e9j\u00e0 d\u00e9cid\u00e9 en mai\u00a02024 d\u2019interdire la diffusion d\u2019Al Jazeera<\/a> dans le pays et d\u2019y fermer ses bureaux, r\u00e9sultat d\u2019un conflit de longue date entre le m\u00e9dia et le gouvernement du Premier ministre isra\u00e9lien Benyamin N\u00e9tanyahou, qui s\u2019est aggrav\u00e9 pendant la guerre en cours dans la bande de Gaza. L\u2019arm\u00e9e isra\u00e9lienne a accus\u00e9 \u00e0 plusieurs reprises les journalistes de cette cha\u00eene d\u2019\u00eatre des \u00abagents terroristes\u00bb \u00e0 Gaza affili\u00e9s au Hamas.<\/p>\n<p class=\"sc-ksZaOG ehjQrN text-element\">Plus g\u00e9n\u00e9ralement, la presse internationale n\u2019est pas autoris\u00e9e \u00e0 travailler librement dans le territoire palestinien depuis le d\u00e9but du conflit. Seuls quelques m\u00e9dias tri\u00e9s sur le volet y sont entr\u00e9s, embarqu\u00e9s avec l\u2019arm\u00e9e isra\u00e9lienne, leurs reportages \u00e9tant soumis \u00e0 une stricte censure militaire. La presse internationale travaille en s\u2019appuyant sur des journalistes et correspondants locaux, qui ont pay\u00e9 un lourd tribut au conflit.<\/p>\n<p class=\"sc-ksZaOG ehjQrN text-element\">Dans ses derniers messages post\u00e9s sur X dimanche 10\u00a0ao\u00fbt, Anas al-Sharif faisait \u00e9tat d\u2019\u00abintenses\u00bb bombardements isra\u00e9liens sur le territoire palestinien et avait diffus\u00e9 une courte vid\u00e9o montrant des frappes sur la ville de Gaza. Un texte posthume que le journaliste avait \u00e9crit en avril en cas de d\u00e9c\u00e8s <a href=\"https:\/\/x.com\/AnasAlSharif0\/status\/1954670507128914219\" target=\"_blank\" rel=\"\" title=\"https:\/\/x.com\/AnasAlSharif0\/status\/1954670507128914219\">a \u00e9t\u00e9 publi\u00e9 sur son compte ce lundi matin, <\/a>o\u00f9 il appelle \u00e0 \u00abne pas oublier Gaza\u00bb.<\/p>\n<p class=\"sc-ksZaOG ehjQrN text-element\"><b>Mis \u00e0 jour\u00a0:<\/b> \u00e0 11h50 avec la r\u00e9action de RSF.<\/p>\n","protected":false},"excerpt":{"rendered":"La liste des journalistes tu\u00e9s dans la bande de Gaza s\u2019allonge une nouvelle fois. Al Jazeera a annonc\u00e9&hellip;\n","protected":false},"author":2,"featured_media":311431,"comment_status":"","ping_status":"","sticky":false,"template":"","format":"standard","meta":{"footnotes":""},"categories":[2],"tags":[11,1011,27,3517,664,3523,10402,12,25],"class_list":{"0":"post-311430","1":"post","2":"type-post","3":"status-publish","4":"format-standard","5":"has-post-thumbnail","7":"category-actualites","8":"tag-actualites","9":"tag-fr","10":"tag-france","11":"tag-gaza-l-escalade","12":"tag-israel","13":"tag-israel-palestine-conflit","14":"tag-liberte-de-la-presse","15":"tag-news","16":"tag-republique-francaise"},"share_on_mastodon":{"url":"https:\/\/pubeurope.com\/@fr\/115009801668625928","error":""},"_links":{"self":[{"href":"https:\/\/www.europesays.com\/fr\/wp-json\/wp\/v2\/posts\/311430","targetHints":{"allow":["GET"]}}],"collection":[{"href":"https:\/\/www.europesays.com\/fr\/wp-json\/wp\/v2\/posts"}],"about":[{"href":"https:\/\/www.europesays.com\/fr\/wp-json\/wp\/v2\/types\/post"}],"author":[{"embeddable":true,"href":"https:\/\/www.europesays.com\/fr\/wp-json\/wp\/v2\/users\/2"}],"replies":[{"embeddable":true,"href":"https:\/\/www.europesays.com\/fr\/wp-json\/wp\/v2\/comments?post=311430"}],"version-history":[{"count":0,"href":"https:\/\/www.europesays.com\/fr\/wp-json\/wp\/v2\/posts\/311430\/revisions"}],"wp:featuredmedia":[{"embeddable":true,"href":"https:\/\/www.europesays.com\/fr\/wp-json\/wp\/v2\/media\/311431"}],"wp:attachment":[{"href":"https:\/\/www.europesays.com\/fr\/wp-json\/wp\/v2\/media?parent=311430"}],"wp:term":[{"taxonomy":"category","embeddable":true,"href":"https:\/\/www.europesays.com\/fr\/wp-json\/wp\/v2\/categories?post=311430"},{"taxonomy":"post_tag","embeddable":true,"href":"https:\/\/www.europesays.com\/fr\/wp-json\/wp\/v2\/tags?post=311430"}],"curies":[{"name":"wp","href":"https:\/\/api.w.org\/{rel}","templated":true}]}}