{"id":311436,"date":"2025-08-11T11:07:09","date_gmt":"2025-08-11T11:07:09","guid":{"rendered":"https:\/\/www.europesays.com\/fr\/311436\/"},"modified":"2025-08-11T11:07:09","modified_gmt":"2025-08-11T11:07:09","slug":"can-u20-dames-volleyball-le-senegal-vise-la-medaille-de-bronze-et-une-qualification-pour-le-mondial-face-a-legypte","status":"publish","type":"post","link":"https:\/\/www.europesays.com\/fr\/311436\/","title":{"rendered":"CAN U20 Dames Volleyball : Le S\u00e9n\u00e9gal vise la m\u00e9daille de bronze et une qualification pour le Mondial face \u00e0 l\u2019\u00c9gypte"},"content":{"rendered":"<p>Le r\u00eave de finale s\u2019est envol\u00e9 pour l\u2019\u00e9quipe nationale f\u00e9minine U20 de volleyball. En demi-finale, disput\u00e9e ce dimanche \u00e0 Yaound\u00e9, les Lioncelles ont \u00e9t\u00e9 battues par le Cameroun, pays h\u00f4te et leader de la phase de groupes, sur un score net de 3 sets \u00e0 0.<\/p>\n<p>Malgr\u00e9 ce revers, les Lioncelles ont encore une chance de sauver leur parcours. Elles disputeront ce lundi \u00e0 17h le match pour la troisi\u00e8me place face \u00e0 l\u2019\u00c9gypte, tenante du titre et \u00e9quipe la plus redoutable du tournoi. L\u2019enjeu va bien au-del\u00e0 de la m\u00e9daille de bronze : une victoire offrirait au S\u00e9n\u00e9gal une qualification pour la Coupe du Monde U20, une premi\u00e8re depuis 2004.<\/p>\n<p>Apr\u00e8s avoir termin\u00e9 4\u1d49 de la phase de groupes avec 6 points, les co\u00e9quipi\u00e8res de Dieynaba Thiam ont d\u00e9j\u00e0 prouv\u00e9 qu\u2019elles pouvaient rivaliser avec les meilleures nations du continent.<\/p>\n<p>\u00a0<\/p>\n<p>\u00a0<\/p>\n<p>\u00a0<\/p>\n<p>wiwsport.com<\/p>\n<p>\u00a0<\/p>\n","protected":false},"excerpt":{"rendered":"Le r\u00eave de finale s\u2019est envol\u00e9 pour l\u2019\u00e9quipe nationale f\u00e9minine U20 de volleyball. En demi-finale, disput\u00e9e ce dimanche&hellip;\n","protected":false},"author":2,"featured_media":311437,"comment_status":"","ping_status":"","sticky":false,"template":"","format":"standard","meta":{"footnotes":""},"categories":[1417],"tags":[1011,27,60,1470,1469],"class_list":{"0":"post-311436","1":"post","2":"type-post","3":"status-publish","4":"format-standard","5":"has-post-thumbnail","7":"category-volley","8":"tag-fr","9":"tag-france","10":"tag-sports","11":"tag-volley","12":"tag-volleyball"},"share_on_mastodon":{"url":"https:\/\/pubeurope.com\/@fr\/115009817418849137","error":""},"_links":{"self":[{"href":"https:\/\/www.europesays.com\/fr\/wp-json\/wp\/v2\/posts\/311436","targetHints":{"allow":["GET"]}}],"collection":[{"href":"https:\/\/www.europesays.com\/fr\/wp-json\/wp\/v2\/posts"}],"about":[{"href":"https:\/\/www.europesays.com\/fr\/wp-json\/wp\/v2\/types\/post"}],"author":[{"embeddable":true,"href":"https:\/\/www.europesays.com\/fr\/wp-json\/wp\/v2\/users\/2"}],"replies":[{"embeddable":true,"href":"https:\/\/www.europesays.com\/fr\/wp-json\/wp\/v2\/comments?post=311436"}],"version-history":[{"count":0,"href":"https:\/\/www.europesays.com\/fr\/wp-json\/wp\/v2\/posts\/311436\/revisions"}],"wp:featuredmedia":[{"embeddable":true,"href":"https:\/\/www.europesays.com\/fr\/wp-json\/wp\/v2\/media\/311437"}],"wp:attachment":[{"href":"https:\/\/www.europesays.com\/fr\/wp-json\/wp\/v2\/media?parent=311436"}],"wp:term":[{"taxonomy":"category","embeddable":true,"href":"https:\/\/www.europesays.com\/fr\/wp-json\/wp\/v2\/categories?post=311436"},{"taxonomy":"post_tag","embeddable":true,"href":"https:\/\/www.europesays.com\/fr\/wp-json\/wp\/v2\/tags?post=311436"}],"curies":[{"name":"wp","href":"https:\/\/api.w.org\/{rel}","templated":true}]}}