{"id":311438,"date":"2025-08-11T11:08:10","date_gmt":"2025-08-11T11:08:10","guid":{"rendered":"https:\/\/www.europesays.com\/fr\/311438\/"},"modified":"2025-08-11T11:08:10","modified_gmt":"2025-08-11T11:08:10","slug":"le-stade-toulousain-reprend-lentrainement-sans-antoine-dupont-toujours-convalescent","status":"publish","type":"post","link":"https:\/\/www.europesays.com\/fr\/311438\/","title":{"rendered":"le Stade Toulousain reprend l&rsquo;entra\u00eenement sans Antoine Dupont, toujours convalescent"},"content":{"rendered":"<p>Les hommes d\u2019Ugo Mola sont de retour au centre d\u2019entra\u00eenement un peu plus de six semaines apr\u00e8s avoir d\u00e9croch\u00e9 leur 24e Bouclier de Brennus.<\/p>\n<p class=\"fig-paragraph\">Triple champion de France en titre, le Stade Toulousain a repris lundi matin le chemin du centre d&rsquo;entra\u00eenement pendant que le capitaine des Bleus Antoine Dupont, gravement touch\u00e9 au genou en mars dernier, y poursuit ses soins quotidiennement. Un peu plus de six semaines apr\u00e8s avoir d\u00e9croch\u00e9 face \u00e0 l&rsquo;Union Bordeaux-B\u00e8gles\u00a0<a href=\"http:\/\/www.lefigaro.fr\/sports\/rugby\/top-14\/finale-top-14-toulouse-remporte-un-24e-bouclier-de-brennus-en-dominant-l-ubb-au-bout-de-la-prolongation-20250628\" data-fig-type=\"NewsFlash\" data-gtm-custom-categorie=\"navigation\" data-gtm-custom-action=\"crossclick\" data-gtm-custom-label=\"Contextuel\" data-gtm-event=\"customEventSPE\" data-fig-domain=\"LEFIGARO\" target=\"_blank\" rel=\"noopener\">un 24e titre de champion de France<\/a>\u00a0(39-33 a.p), environ trente \u00e9l\u00e9ments, dont le centre (ou arri\u00e8re) Teddy Thomas et le pilier Georges-Henri Colombe,\u00a0<a href=\"http:\/\/www.lefigaro.fr\/sports\/rugby\/top-14\/top-14-toulouse-se-renforce-avec-les-arrivees-de-teddy-thomas-et-georges-henri-colombe-20250709\" data-fig-type=\"NewsFlash\" data-gtm-custom-categorie=\"navigation\" data-gtm-custom-action=\"crossclick\" data-gtm-custom-label=\"Contextuel\" data-gtm-event=\"customEventSPE\" data-fig-domain=\"LEFIGARO\" target=\"_blank\" rel=\"noopener\">tous deux arriv\u00e9s en provenance de La Rochelle<\/a>, ont fait leur rentr\u00e9e sous une chaleur \u00e9touffante.<\/p>\n<p class=\"fig-paragraph\">Manquaient \u00e0 l&rsquo;appel Pierre-Louis Barassi, Joshua Brennan, et Paul Mallez, qui ont pris part \u00e0 la Tourn\u00e9e de l&rsquo;\u00e9quipe de France en Nouvelle-Z\u00e9lande, ainsi que Blair Kinghorn, en Tourn\u00e9e avec les Lions Britanniques en Australie, et enfin Juan Cruz Mallia et Santiago Chocobares qui vont d\u00e9buter le\u00a0<a href=\"http:\/\/www.lefigaro.fr\/sports\/rugby\/rugby-championship-huit-joueurs-du-top-14-appeles-avec-l-argentine-20250805\" data-fig-type=\"NewsFlash\" data-gtm-custom-categorie=\"navigation\" data-gtm-custom-action=\"crossclick\" data-gtm-custom-label=\"Contextuel\" data-gtm-event=\"customEventSPE\" data-fig-domain=\"LEFIGARO\" target=\"_blank\" rel=\"noopener\">Rugby Championship<\/a>\u00a0en fin de semaine avec l&rsquo;Argentine. Kinghorn et les trois internationaux Fran\u00e7ais sont attendus le 18 ao\u00fbt. Pr\u00e9sent au centre d&rsquo;entra\u00eenement,\u00a0<a href=\"http:\/\/www.lefigaro.fr\/sports\/rugby\/top-14\/rugby-en-video-les-images-spectaculaires-d-antoine-dupont-sollicitant-son-genou-opere-20250730\" data-fig-type=\"NewsFlash\" data-gtm-custom-categorie=\"navigation\" data-gtm-custom-action=\"crossclick\" data-gtm-custom-label=\"Contextuel\" data-gtm-event=\"customEventSPE\" data-fig-domain=\"LEFIGARO\" target=\"_blank\" rel=\"noopener\">Antoine Dupont<\/a>\u00a0y poursuit de son c\u00f4t\u00e9 ses soins quotidiens sous le regard attentif des \u00e9quipes m\u00e9dicales du Stade Toulousain.<\/p>\n<p>                                    <a class=\"fig-a11y-skip a11y-hidden\" href=\"#fig-a11y-skip-main-inarticle\"><br \/>\n        Passer la publicit\u00e9<br \/>\n    <\/a><\/p>\n<p class=\"fig-paragraph\">Le demi de m\u00eal\u00e9e, victime d&rsquo;une rupture des ligaments crois\u00e9s du genou droit le 8 mars dernier pendant le Tournoi des VI Nations, \u00abpiaffe d&rsquo;impatience\u00bb selon une source proche du club mais n&rsquo;a pas encore eu le feu vert pour participer aux s\u00e9ances collectives. Pour meubler sa pr\u00e9paration estivale, le\u00a0<a href=\"http:\/\/www.lefigaro.fr\/sports\/rugby\/top-14\/stade-toulousain-l-art-de-la-metamorphose-20250629\" data-fig-type=\"Article\" data-gtm-custom-categorie=\"navigation\" data-gtm-custom-action=\"crossclick\" data-gtm-custom-label=\"Contextuel\" data-gtm-event=\"customEventSPE\" data-fig-domain=\"LEFIGARO\" target=\"_blank\" rel=\"noopener\">Stade Toulousain<\/a>\u00a0va disputer deux matchs amicaux\u00a0: le 22 ao\u00fbt, \u00e0 Guingamp, contre Vannes (Pro D2) et le 28 ao\u00fbt \u00e0 Bayonne contre l&rsquo;Aviron Bayonnais. Le triple champion de France d\u00e9butera la d\u00e9fense de son titre\u00a0<a href=\"http:\/\/www.lefigaro.fr\/sports\/rugby\/top-14\/top-14-toulouse-etrennera-son-titre-de-champion-de-france-a-clermont-pour-lancer-la-saison-2025-2026-20250710\" data-fig-type=\"NewsFlash\" data-gtm-custom-categorie=\"navigation\" data-gtm-custom-action=\"crossclick\" data-gtm-custom-label=\"Contextuel\" data-gtm-event=\"customEventSPE\" data-fig-domain=\"LEFIGARO\" target=\"_blank\" rel=\"noopener\">le week-end du 6 septembre \u00e0 Clermont<\/a>.<\/p>\n","protected":false},"excerpt":{"rendered":"Les hommes d\u2019Ugo Mola sont de retour au centre d\u2019entra\u00eenement un peu plus de six semaines apr\u00e8s avoir&hellip;\n","protected":false},"author":2,"featured_media":311439,"comment_status":"","ping_status":"","sticky":false,"template":"","format":"standard","meta":{"footnotes":""},"categories":[1416],"tags":[514,1011,27,479,1468,60,476],"class_list":{"0":"post-311438","1":"post","2":"type-post","3":"status-publish","4":"format-standard","5":"has-post-thumbnail","7":"category-rugby","8":"tag-antoine-dupont","9":"tag-fr","10":"tag-france","11":"tag-rugby","12":"tag-rugby-football","13":"tag-sports","14":"tag-stade-toulousain"},"share_on_mastodon":{"url":"https:\/\/pubeurope.com\/@fr\/115009821465208469","error":""},"_links":{"self":[{"href":"https:\/\/www.europesays.com\/fr\/wp-json\/wp\/v2\/posts\/311438","targetHints":{"allow":["GET"]}}],"collection":[{"href":"https:\/\/www.europesays.com\/fr\/wp-json\/wp\/v2\/posts"}],"about":[{"href":"https:\/\/www.europesays.com\/fr\/wp-json\/wp\/v2\/types\/post"}],"author":[{"embeddable":true,"href":"https:\/\/www.europesays.com\/fr\/wp-json\/wp\/v2\/users\/2"}],"replies":[{"embeddable":true,"href":"https:\/\/www.europesays.com\/fr\/wp-json\/wp\/v2\/comments?post=311438"}],"version-history":[{"count":0,"href":"https:\/\/www.europesays.com\/fr\/wp-json\/wp\/v2\/posts\/311438\/revisions"}],"wp:featuredmedia":[{"embeddable":true,"href":"https:\/\/www.europesays.com\/fr\/wp-json\/wp\/v2\/media\/311439"}],"wp:attachment":[{"href":"https:\/\/www.europesays.com\/fr\/wp-json\/wp\/v2\/media?parent=311438"}],"wp:term":[{"taxonomy":"category","embeddable":true,"href":"https:\/\/www.europesays.com\/fr\/wp-json\/wp\/v2\/categories?post=311438"},{"taxonomy":"post_tag","embeddable":true,"href":"https:\/\/www.europesays.com\/fr\/wp-json\/wp\/v2\/tags?post=311438"}],"curies":[{"name":"wp","href":"https:\/\/api.w.org\/{rel}","templated":true}]}}