{"id":311442,"date":"2025-08-11T11:11:10","date_gmt":"2025-08-11T11:11:10","guid":{"rendered":"https:\/\/www.europesays.com\/fr\/311442\/"},"modified":"2025-08-11T11:11:10","modified_gmt":"2025-08-11T11:11:10","slug":"technique-motogp-avantages-et-inconvenients-du-v4-1-2","status":"publish","type":"post","link":"https:\/\/www.europesays.com\/fr\/311442\/","title":{"rendered":"Technique MotoGP : Avantages et inconv\u00e9nients du V4 ! (1\/2)"},"content":{"rendered":"<p><strong>Avant de s\u2019int\u00e9resser aux photos de <a href=\"https:\/\/www.paddock-gp.com\/motogp-yamaha-v4-la-vraie-histoire-du-scoop-des-photos\/\" target=\"_blank\" rel=\"noopener nofollow\">la Yamaha V4 surprise au test priv\u00e9<br \/>\nde Brno par Jaromir Havranek<\/a>, il n\u2019est sans doute pas inutile<br \/>\nde faire le point sur les avantages et inconv\u00e9nients du moteur V4,<br \/>\nainsi que de se rem\u00e9morer quelques faits importants de<br \/>\nl\u2019environnement du <a href=\"https:\/\/www.motogp.com\/\" target=\"_blank\" rel=\"noopener nofollow\">MotoGP<\/a>\u2026<\/strong><\/p>\n<p>Sch\u00e9matisons \u00e0 l\u2019extr\u00eame : de 2004 \u00e0 2021, Yamaha a pu se battre<br \/>\naux avant-postes gr\u00e2ce \u00e0 sa YZR-M1 \u00e9quip\u00e9e d\u2019un 4 cylindre en<br \/>\nligne, avec des pilotes du calibre de <strong>Valentino Rossi,<br \/>\nJorge Lorenzo ou Fabio Quartararo<\/strong>. Mais au milieu de ces<br \/>\npresque deux d\u00e9cennies, l\u2019ann\u00e9e 2013 s\u2019av\u00e8re, avec le recul,<br \/>\ncapitale, <strong>Marc Marquez<\/strong> arrivant chez Honda,<br \/>\n<strong>Luigi Dall\u2019Igna<\/strong> chez Ducati. Face au pilote<br \/>\nsurdou\u00e9 et \u00e0 l\u2019ing\u00e9nieur qui remet progressivement Ducati au<br \/>\npremier plan, Yamaha travaille toujours \u00ab\u00a0\u00e0 la<br \/>\njaponaise\u00a0\u00bb, c\u2019est \u00e0 dire par toutes petites touches, misant<br \/>\navant tout sur la vitesse de passage en courbe de sa machine alors<br \/>\nque l\u2019exploitation du couple prend de plus en plus d\u2019importance<br \/>\ndans la cat\u00e9gorie reine.<\/p>\n<p>Avec un excellent pilote, cela fonctionne donc jusqu\u2019au titre de<br \/>\n<strong>Fabio Quartararo<\/strong> en 2021, puis d\u00e9bute une brutale<br \/>\ndescente aux enfers qui laissent les Japonais d\u00e9munis face aux<br \/>\nmultiples innovation de \u00ab\u00a0Gigi\u00a0\u00bb permettant d\u2019exploiter<br \/>\nau mieux les diff\u00e9rents pneus que Michelin apporte au fil du<br \/>\ntemps.<\/p>\n<p>Au Japon, on y perd clairement son japonais, ce dont profite la<br \/>\nstructure Yamaha MotoGP bas\u00e9e en Italie, pr\u00e8s de Monza, pour<br \/>\navancer ses pions, en l\u2019occurrence le savoir-faire transalpin.<br \/>\nL\u2019Italie, \u00ab\u00a0pays des belles voitures\u00a0\u00bb, regorge en effet<br \/>\nde comp\u00e9tences multiples, toutes plus ou moins pass\u00e9es par la F1<br \/>\navec Ferrari, Lamborghini, Minardi (devenue Torro Rosso, Alpha<br \/>\nTauri, etc.), Alfa-Romeo, etc, de sous-traitants et d\u2019officines<br \/>\ntravaillant \u00e0 plein temps pour l\u2019industrie italienne de la<br \/>\ncomp\u00e9tition.<\/p>\n<p>Devant l\u2019impuissance des Japonais \u00e0 rattraper leur retard, le<br \/>\nclan italien se fait alors fort de leur montrer comment faire, et<br \/>\nentame une large restructuration de l\u2019ing\u00e9nierie, d\u2019un test team<br \/>\nrapatri\u00e9 en Europe \u00e0 l\u2019embauche de la famille<br \/>\n<strong>Marmorini<\/strong> pour \u00e9tudier un moteur V4, en passant<br \/>\npar un contrat avec <strong>Dallara<\/strong> pour l\u2019a\u00e9rodynamique<br \/>\net l\u2019int\u00e9gration de l\u2019ancien directeur technique Ducati,<br \/>\n<strong>Max Bartolini<\/strong>, d\u00e9but 2024.<\/p>\n<p>En r\u00e9sum\u00e9, Yamaha fournit aujourd\u2019hui un tr\u00e8s gros effort et<br \/>\ncontinue \u00e0 d\u00e9velopper la\u00a0 M1 \u00ab\u00a0classique\u00a0\u00bb au Japon,<br \/>\ntandis qu\u2019en Italie on a sur le papier toutes les cartes en mains<br \/>\npour faire faire aux trois diapasons le saut vers le V4.<\/p>\n<p><strong>Mais quels sont vraiment les avantages et les<br \/>\ninconv\u00e9nients du V4 ?<\/strong><\/p>\n<p>A suivre demain\u2026<\/p>\n<p><img loading=\"lazy\" decoding=\"async\" class=\"aligncenter size-full wp-image-1317413\" src=\"https:\/\/www.europesays.com\/fr\/wp-content\/uploads\/2025\/08\/SPY3v4-1.jpg\" alt=\"\" width=\"800\" height=\"533\"  \/><\/p>\n","protected":false},"excerpt":{"rendered":"Avant de s\u2019int\u00e9resser aux photos de la Yamaha V4 surprise au test priv\u00e9 de Brno par Jaromir Havranek,&hellip;\n","protected":false},"author":2,"featured_media":311443,"comment_status":"","ping_status":"","sticky":false,"template":"","format":"standard","meta":{"footnotes":""},"categories":[1413],"tags":[1011,27,1457,1456,60],"class_list":{"0":"post-311442","1":"post","2":"type-post","3":"status-publish","4":"format-standard","5":"has-post-thumbnail","7":"category-moto","8":"tag-fr","9":"tag-france","10":"tag-moto","11":"tag-motocycle","12":"tag-sports"},"share_on_mastodon":{"url":"https:\/\/pubeurope.com\/@fr\/115009833177680469","error":""},"_links":{"self":[{"href":"https:\/\/www.europesays.com\/fr\/wp-json\/wp\/v2\/posts\/311442","targetHints":{"allow":["GET"]}}],"collection":[{"href":"https:\/\/www.europesays.com\/fr\/wp-json\/wp\/v2\/posts"}],"about":[{"href":"https:\/\/www.europesays.com\/fr\/wp-json\/wp\/v2\/types\/post"}],"author":[{"embeddable":true,"href":"https:\/\/www.europesays.com\/fr\/wp-json\/wp\/v2\/users\/2"}],"replies":[{"embeddable":true,"href":"https:\/\/www.europesays.com\/fr\/wp-json\/wp\/v2\/comments?post=311442"}],"version-history":[{"count":0,"href":"https:\/\/www.europesays.com\/fr\/wp-json\/wp\/v2\/posts\/311442\/revisions"}],"wp:featuredmedia":[{"embeddable":true,"href":"https:\/\/www.europesays.com\/fr\/wp-json\/wp\/v2\/media\/311443"}],"wp:attachment":[{"href":"https:\/\/www.europesays.com\/fr\/wp-json\/wp\/v2\/media?parent=311442"}],"wp:term":[{"taxonomy":"category","embeddable":true,"href":"https:\/\/www.europesays.com\/fr\/wp-json\/wp\/v2\/categories?post=311442"},{"taxonomy":"post_tag","embeddable":true,"href":"https:\/\/www.europesays.com\/fr\/wp-json\/wp\/v2\/tags?post=311442"}],"curies":[{"name":"wp","href":"https:\/\/api.w.org\/{rel}","templated":true}]}}