{"id":311448,"date":"2025-08-11T11:14:10","date_gmt":"2025-08-11T11:14:10","guid":{"rendered":"https:\/\/www.europesays.com\/fr\/311448\/"},"modified":"2025-08-11T11:14:10","modified_gmt":"2025-08-11T11:14:10","slug":"mercato-psg-donnarumma-linteret-de-clubs-de-premier-league-confirme","status":"publish","type":"post","link":"https:\/\/www.europesays.com\/fr\/311448\/","title":{"rendered":"Mercato PSG &#8211; Donnarumma, l&rsquo;int\u00e9r\u00eat de clubs de Premier League confirm\u00e9"},"content":{"rendered":"<p><strong>Gianluigi Donnarumma, gardien de 26 ans arriv\u00e9 au Paris Saint-Germain en 2021 avec un contrat jusqu\u2019en 2026 (suite \u00e0 la fin du sien \u00e0 l\u2019AC Milan), est au c\u0153ur des rumeurs. Sa prolongation ne vient pas et il est question d\u2019un d\u00e9part, avec Lucas Chevalier (23 ans) pour le remplacer. <\/strong><strong>RMC Sport confirme ce lundi que Chelsea et Manchester United sont \u00e0 l\u2019aff\u00fbt. Mais sans rien de concret.<\/strong><\/p>\n<blockquote>\n<p>\u00ab\u00a0Chelsea et Manchester United se sont int\u00e9ress\u00e9s \u00e0 la situation de Gianluigi Donnarumma. Cependant, ce dossier est encore loin d\u2019\u00eatre r\u00e9gl\u00e9, car pour l\u2019instant, il ne s\u2019agit que d\u2019une simple manifestation d\u2019int\u00e9r\u00eat de la part des deux clubs anglais. Aucune discussion formelle n\u2019a encore \u00e9t\u00e9 lanc\u00e9e avec l\u2019entourage du joueur. Si jamais aucun projet jug\u00e9 attractif par le portier italien ne se pr\u00e9sente, il pourrait alors rester au Paris Saint-Germain.<\/p>\n<p>Au sein de l\u2019entourage du joueur, on fait comprendre que Gianluigi Donnarumma ne partira que s\u2019il trouve un projet int\u00e9ressant. Dans le cas contraire, il honorera sa derni\u00e8re ann\u00e9e de contrat. Avec un message: il ne partira pas pour faire plaisir \u00e0 la direction du PSG.\u00a0\u00bb<\/p>\n<\/blockquote>\n<p>Chelsea et Manchester United ont \u00e9t\u00e9 cit\u00e9 de nombreuses fois dans ce dossier, on peut esp\u00e9rer que ce n\u2019est pas au hasard. M\u00eame si les m\u00e9dias en font parfois un peu beaucoup autour de pas grand-chose afin de faire vivre rumeur. D\u2019ailleurs, il n\u2019est pas question d\u2019une moindre tentative. Simplement un int\u00e9r\u00eat, ce qui est un peu simple alors que les gardiens num\u00e9ro 1 de ces clubs n\u2019arrivent pas totalement \u00e0 convaincre.<\/p>\n<p>Il y a surtout du flou, m\u00eame s\u2019il y a des pistes envisageables du c\u00f4t\u00e9 de l\u2019Angleterre. On ne sait pas si Donnarumma pourrait rester cette saison ou s\u2019il poussera pour partir. Il faut patienter afin d\u2019avoir du concret et d\u2019y voir plus clair.<\/p>\n<p>\t\t\t\t\t\t\t\t\t\t\t\t\t\t\t\t\t\t\t\t\t\t\t<img loading=\"lazy\" src=\"https:\/\/www.europesays.com\/fr\/wp-content\/uploads\/2025\/04\/ParisFans_Logo.png\" decoding=\"async\" class=\"lazyload\" width=\"240\" height=\"54\" data-eio-rwidth=\"240\" data-eio-rheight=\"54\"\/><\/p>\n","protected":false},"excerpt":{"rendered":"Gianluigi Donnarumma, gardien de 26 ans arriv\u00e9 au Paris Saint-Germain en 2021 avec un contrat jusqu\u2019en 2026 (suite&hellip;\n","protected":false},"author":2,"featured_media":311449,"comment_status":"","ping_status":"","sticky":false,"template":"","format":"standard","meta":{"footnotes":""},"categories":[1410],"tags":[63,1011,27,10528,60,96],"class_list":{"0":"post-311448","1":"post","2":"type-post","3":"status-publish","4":"format-standard","5":"has-post-thumbnail","7":"category-football","8":"tag-football","9":"tag-fr","10":"tag-france","11":"tag-gianluigi-donnarumma","12":"tag-sports","13":"tag-une"},"share_on_mastodon":{"url":"https:\/\/pubeurope.com\/@fr\/115009844956883636","error":""},"_links":{"self":[{"href":"https:\/\/www.europesays.com\/fr\/wp-json\/wp\/v2\/posts\/311448","targetHints":{"allow":["GET"]}}],"collection":[{"href":"https:\/\/www.europesays.com\/fr\/wp-json\/wp\/v2\/posts"}],"about":[{"href":"https:\/\/www.europesays.com\/fr\/wp-json\/wp\/v2\/types\/post"}],"author":[{"embeddable":true,"href":"https:\/\/www.europesays.com\/fr\/wp-json\/wp\/v2\/users\/2"}],"replies":[{"embeddable":true,"href":"https:\/\/www.europesays.com\/fr\/wp-json\/wp\/v2\/comments?post=311448"}],"version-history":[{"count":0,"href":"https:\/\/www.europesays.com\/fr\/wp-json\/wp\/v2\/posts\/311448\/revisions"}],"wp:featuredmedia":[{"embeddable":true,"href":"https:\/\/www.europesays.com\/fr\/wp-json\/wp\/v2\/media\/311449"}],"wp:attachment":[{"href":"https:\/\/www.europesays.com\/fr\/wp-json\/wp\/v2\/media?parent=311448"}],"wp:term":[{"taxonomy":"category","embeddable":true,"href":"https:\/\/www.europesays.com\/fr\/wp-json\/wp\/v2\/categories?post=311448"},{"taxonomy":"post_tag","embeddable":true,"href":"https:\/\/www.europesays.com\/fr\/wp-json\/wp\/v2\/tags?post=311448"}],"curies":[{"name":"wp","href":"https:\/\/api.w.org\/{rel}","templated":true}]}}