{"id":311450,"date":"2025-08-11T11:15:10","date_gmt":"2025-08-11T11:15:10","guid":{"rendered":"https:\/\/www.europesays.com\/fr\/311450\/"},"modified":"2025-08-11T11:15:10","modified_gmt":"2025-08-11T11:15:10","slug":"willy-rovelli-confie-sinterroger-sur-son-avenir-dans-fort-boyard-sur-france-2-apres-le-depart-dolivier-minne-est-ce-quil-faut-que-je-continue","status":"publish","type":"post","link":"https:\/\/www.europesays.com\/fr\/311450\/","title":{"rendered":"Willy Rovelli confie s\u2019interroger sur son avenir dans \u00ab\u00a0Fort Boyard\u00a0\u00bb sur France 2 apr\u00e8s le d\u00e9part d\u2019Olivier Minne : \u00ab\u00a0Est-ce qu\u2019il faut que je continue ?\u00a0\u00bb"},"content":{"rendered":"<p>Dans une interview accord\u00e9e \u00e0 <a href=\"https:\/\/www.programme-television.org\/news\/tv\/emissions-tele\/willy-roveli-fort-boyard-j-ai-tellement-envie-de-montrer-ce-dont-je-suis-capable-4744036\" target=\"_blank\" rel=\"noopener\">T\u00e9l\u00e9 7 Jours<\/a>, Willy Rovelli, qui est une nouvelle fois cette saison un des personnages de \u00ab\u00a0Fort Boyard\u00a0\u00bb sur France 2, \u00e9voque le d\u00e9part d&rsquo;Olivier Minne du programme. A la rentr\u00e9e, l&rsquo;animateur d\u00e9barquera sur M6.<\/p>\n<p>\u00ab\u00a0Quand je suis arriv\u00e9 dans l\u2019\u00e9mission, il m\u2019a accueilli avec beaucoup de bienveillance et d\u2019amiti\u00e9. C\u2019est quelqu\u2019un de sympa avec tout le monde. Du coup, cette saison, on s\u2019est beaucoup parl\u00e9, on a pass\u00e9 du temps \u00e0 discuter : de sa carri\u00e8re, de la mienne, de la vie. C\u2019\u00e9tait tr\u00e8s touchant, mais je comprends ses raisons\u00a0\u00bb, confie-t-il en pr\u00e9cisant avoir v\u00e9cu cette annonce \u00ab\u00a0avec beaucoup d\u2019\u00e9motion\u00a0\u00bb.<\/p>\n<p>Et d&rsquo;ajouter : \u00ab\u00a0Il a \u00e9t\u00e9 un grand fr\u00e8re pour moi. Forc\u00e9ment, je me pose des questions : est-ce qu\u2019il faut que je continue ? Qu\u2019est-ce que moi, je dois faire ?\u00a0\u00bb.<\/p>\n<p>Willy Rovelli, arriv\u00e9 dans le Fort il y a 13 ans, affirme ne pas avoir trouv\u00e9 de r\u00e9ponses. \u00ab\u00a0La production va forc\u00e9ment r\u00e9fl\u00e9chir \u00e0 la suite. Et j\u2019esp\u00e8re faire partie de l\u2019histoire, peut-\u00eatre dans un autre r\u00f4le ? J\u2019ai tellement envie de montrer ce dont je suis capable\u00a0\u00bb, ajoute-t-il.<\/p>\n","protected":false},"excerpt":{"rendered":"Dans une interview accord\u00e9e \u00e0 T\u00e9l\u00e9 7 Jours, Willy Rovelli, qui est une nouvelle fois cette saison un&hellip;\n","protected":false},"author":2,"featured_media":311451,"comment_status":"","ping_status":"","sticky":false,"template":"","format":"standard","meta":{"footnotes":""},"categories":[1359],"tags":[58,59,15745,1011,27,594,17033,973,45145],"class_list":{"0":"post-311450","1":"post","2":"type-post","3":"status-publish","4":"format-standard","5":"has-post-thumbnail","7":"category-people","8":"tag-divertissement","9":"tag-entertainment","10":"tag-fort-boyard","11":"tag-fr","12":"tag-france","13":"tag-france-2","14":"tag-olivier-minne","15":"tag-people","16":"tag-willy-rovelli"},"share_on_mastodon":{"url":"https:\/\/pubeurope.com\/@fr\/115009849594558414","error":""},"_links":{"self":[{"href":"https:\/\/www.europesays.com\/fr\/wp-json\/wp\/v2\/posts\/311450","targetHints":{"allow":["GET"]}}],"collection":[{"href":"https:\/\/www.europesays.com\/fr\/wp-json\/wp\/v2\/posts"}],"about":[{"href":"https:\/\/www.europesays.com\/fr\/wp-json\/wp\/v2\/types\/post"}],"author":[{"embeddable":true,"href":"https:\/\/www.europesays.com\/fr\/wp-json\/wp\/v2\/users\/2"}],"replies":[{"embeddable":true,"href":"https:\/\/www.europesays.com\/fr\/wp-json\/wp\/v2\/comments?post=311450"}],"version-history":[{"count":0,"href":"https:\/\/www.europesays.com\/fr\/wp-json\/wp\/v2\/posts\/311450\/revisions"}],"wp:featuredmedia":[{"embeddable":true,"href":"https:\/\/www.europesays.com\/fr\/wp-json\/wp\/v2\/media\/311451"}],"wp:attachment":[{"href":"https:\/\/www.europesays.com\/fr\/wp-json\/wp\/v2\/media?parent=311450"}],"wp:term":[{"taxonomy":"category","embeddable":true,"href":"https:\/\/www.europesays.com\/fr\/wp-json\/wp\/v2\/categories?post=311450"},{"taxonomy":"post_tag","embeddable":true,"href":"https:\/\/www.europesays.com\/fr\/wp-json\/wp\/v2\/tags?post=311450"}],"curies":[{"name":"wp","href":"https:\/\/api.w.org\/{rel}","templated":true}]}}