{"id":311452,"date":"2025-08-11T11:16:23","date_gmt":"2025-08-11T11:16:23","guid":{"rendered":"https:\/\/www.europesays.com\/fr\/311452\/"},"modified":"2025-08-11T11:16:23","modified_gmt":"2025-08-11T11:16:23","slug":"une-nouvelle-fresque-etonnante-attire-les-visiteurs-et-habitants-de-velaux","status":"publish","type":"post","link":"https:\/\/www.europesays.com\/fr\/311452\/","title":{"rendered":"Une nouvelle fresque \u00e9tonnante attire les visiteurs et habitants de Velaux"},"content":{"rendered":"<p>Appr\u00e9ci\u00e9s par les habitants et les visiteurs, <a href=\"https:\/\/www.laprovence.com\/bouches-du-rhone\/velaux-13112\" target=\"_blank\" rel=\"noopener\">la commune de Velaux <\/a>a choisi de poursuivre cette dynamique en confiant la mission de ce street-art \u00e0 <a href=\"https:\/\/www.laprovence.com\/article\/sorties-loisirs\/6134530\/planete-emergences-atteint-sa-cible-sur-le-vieux-port.html\" target=\"_blank\" rel=\"noopener\">Plan\u00e8te Emergences<\/a> qui avait d\u00e9j\u00e0 accompagn\u00e9 la d\u00e9marche pour les trois premi\u00e8res et qui s\u2019est notamment illustr\u00e9e sur \u00ab\u00a0les murs de la L2\u00a0\u00bb \u00e0<a href=\"https:\/\/www.laprovence.com\/region\/Edition-marseille\" target=\"_blank\" rel=\"noopener\"> Marseille.<\/a><\/p>\n<p>Plan\u00e8te \u00c9mergences d\u00e9veloppe des projets en espace public, en associant cr\u00e9ation artistique, coh\u00e9sion sociale et questions soci\u00e9tales. St\u00e9phane Le Camus, directeur de la culture et animations et Val\u00e9rie San Agustin responsable de la m\u00e9diath\u00e8que et du patrimoine expliquent les raisons de leur choix\u00a0: \u00ab\u00a0Le style de <a href=\"https:\/\/www.laprovence.com\/article\/region\/2029973103397814\/animations-autour-du-peintre-cezanne-fete-foraine-ou-salon-des-fleurs-le-week-end-va-etre-charge-en-pays-daix\" target=\"_blank\" rel=\"noopener\">Nad\u00e8ge Dauvergne <\/a>nous a s\u00e9duits avec son projet empreint de f\u00e9minit\u00e9 et de puret\u00e9.\u00a0\u00bb<\/p>\n","protected":false},"excerpt":{"rendered":"Appr\u00e9ci\u00e9s par les habitants et les visiteurs, la commune de Velaux a choisi de poursuivre cette dynamique en&hellip;\n","protected":false},"author":2,"featured_media":311453,"comment_status":"","ping_status":"","sticky":false,"template":"","format":"standard","meta":{"footnotes":""},"categories":[1358],"tags":[17,1348,1384,1385,4185,1386,58,59,19390,1011,27,23001,151,2043,16,96,11046],"class_list":{"0":"post-311452","1":"post","2":"type-post","3":"status-publish","4":"format-standard","5":"has-post-thumbnail","7":"category-arts-et-design","8":"tag-17","9":"tag-arts","10":"tag-arts-and-design","11":"tag-arts-et-design","12":"tag-attire","13":"tag-design","14":"tag-divertissement","15":"tag-entertainment","16":"tag-etonnante","17":"tag-fr","18":"tag-france","19":"tag-fresque","20":"tag-les","21":"tag-nouvelle","22":"tag-region","23":"tag-une","24":"tag-visiteurs"},"share_on_mastodon":{"url":"https:\/\/pubeurope.com\/@fr\/115009852805058053","error":""},"_links":{"self":[{"href":"https:\/\/www.europesays.com\/fr\/wp-json\/wp\/v2\/posts\/311452","targetHints":{"allow":["GET"]}}],"collection":[{"href":"https:\/\/www.europesays.com\/fr\/wp-json\/wp\/v2\/posts"}],"about":[{"href":"https:\/\/www.europesays.com\/fr\/wp-json\/wp\/v2\/types\/post"}],"author":[{"embeddable":true,"href":"https:\/\/www.europesays.com\/fr\/wp-json\/wp\/v2\/users\/2"}],"replies":[{"embeddable":true,"href":"https:\/\/www.europesays.com\/fr\/wp-json\/wp\/v2\/comments?post=311452"}],"version-history":[{"count":0,"href":"https:\/\/www.europesays.com\/fr\/wp-json\/wp\/v2\/posts\/311452\/revisions"}],"wp:featuredmedia":[{"embeddable":true,"href":"https:\/\/www.europesays.com\/fr\/wp-json\/wp\/v2\/media\/311453"}],"wp:attachment":[{"href":"https:\/\/www.europesays.com\/fr\/wp-json\/wp\/v2\/media?parent=311452"}],"wp:term":[{"taxonomy":"category","embeddable":true,"href":"https:\/\/www.europesays.com\/fr\/wp-json\/wp\/v2\/categories?post=311452"},{"taxonomy":"post_tag","embeddable":true,"href":"https:\/\/www.europesays.com\/fr\/wp-json\/wp\/v2\/tags?post=311452"}],"curies":[{"name":"wp","href":"https:\/\/api.w.org\/{rel}","templated":true}]}}