{"id":311456,"date":"2025-08-11T11:18:09","date_gmt":"2025-08-11T11:18:09","guid":{"rendered":"https:\/\/www.europesays.com\/fr\/311456\/"},"modified":"2025-08-11T11:18:09","modified_gmt":"2025-08-11T11:18:09","slug":"pourquoi-lemission-secret-story-a-failli-plomber-linterview-deden-hazard-par-zack-nani","status":"publish","type":"post","link":"https:\/\/www.europesays.com\/fr\/311456\/","title":{"rendered":"Pourquoi l&rsquo;\u00e9mission Secret Story a failli plomber l&rsquo;interview d&rsquo;Eden Hazard par Zack Nani"},"content":{"rendered":"<p>Initi\u00e9e par le petit fr\u00e8re d\u2019Eden Hazard, l&rsquo;interview de l&rsquo;ancien international belge par Zack Nani \u00e9tait cal\u00e9e pour le d\u00e9but de l&rsquo;\u00e9t\u00e9. Mais la participation \u00e0 l&rsquo;\u00e9mission \u00ab\u00a0Secret Story\u00a0\u00bb du benjamin de la fratrie Hazard a bien failli faire tout capoter. Explications.<\/p>\n<p><a href=\"https:\/\/www.youtube.com\/watch?v=WBnj_ObpmJ0\" target=\"_blank\" class=\"external_link\" rel=\"nofollow noopener\">\u00ab\u00a0Eden Hazard, les confidences du g\u00e9nie belge\u00a0\u00bb<\/a> n&rsquo;a bien failli jamais voir le jour sur la cha\u00eene YouTube de Zack Nani. La vid\u00e9o entretien de deux heures entre le footballeur retrait\u00e9 et le streamer, publi\u00e9e dimanche, avait un temps capot\u00e9.<\/p>\n<p>\u00ab\u00a0Je suis rentr\u00e9 en contact avec Ethan sur Instagram\u00a0\u00bb, y raconte le streamer aux 882. 000 abonn\u00e9s sur Youtube et 618.000 abonn\u00e9s sur Twitch, cit\u00e9 par la<a href=\"https:\/\/www.lavoixdunord.fr\/1614155\/article\/2025-08-10\/un-jour-passe-puis-deux-comment-la-participation-d-ethan-hazard-secret-story\" target=\"_blank\" class=\"external_link\" rel=\"nofollow noopener\"> Voix du Nord<\/a>. \u00ab\u00a0Toutes les trois semaines pendant sept ou huit mois, je m\u2019assurais aupr\u00e8s de lui que c\u2019est toujours bon pour l\u2019\u00e9mission avec Eden. Ethan a fait le \u201cplug\u201d (la connexion) du d\u00e9but \u00e0 la fin. Il a g\u00e9r\u00e9 de fou. Il a cr\u00e9\u00e9 l\u2019\u00e9mission presque \u00e0 lui tout seul.\u00a0\u00bb<\/p>\n<p>Quand Adil Rami joue les sauveurs<\/p>\n<p>Sauf qu&rsquo;entre-temps, le petit dernier de la fratrie des Hazard &#8211; apr\u00e8s Eden (34 ans), Thorgan (32 ans) et Kylian (29) &#8211; <a href=\"https:\/\/rmcsport.bfmtv.com\/football\/premier-league\/le-frere-d-eden-hazard-dans-secret-story-son-secret-deja-revele_AV-202506110206.html\" title=\"Le fr\u00e8re d\u2019Eden Hazard dans Secret Story, son secret d\u00e9j\u00e0 r\u00e9v\u00e9l\u00e9\" class=\"internal_link\" rel=\"nofollow noopener\" target=\"_blank\">a \u00e9t\u00e9 s\u00e9lectionn\u00e9 par TF1 pour participer \u00e0 Secret Story<\/a>. \u00ab\u00a0Donc l\u00e0, mon contact principal pour que l\u2019\u00e9mission ait lieu est rentr\u00e9 dans la Maison des secrets\u00a0\u00bb, s&rsquo;en amuse apr\u00e8s-coup Zack Nani. \u00ab\u00a0Comment je fais? Je regarde le prime de la premi\u00e8re semaine et j\u2019esp\u00e8re qu\u2019il se fasse \u00e9liminer?\u00a0\u00bb<\/p>\n<p>Le parcours \u00e0 rallonge dans l&rsquo;\u00e9mission d&rsquo;Ethan &#8211; le Belge de 21 ans terminera deuxi\u00e8me apr\u00e8s deux mois d&rsquo;aventure &#8211; ne fait donc pas les affaires du streamer. \u00ab\u00a0Et c\u2019est l\u00e0 o\u00f9 quelqu\u2019un m\u2019a rendu un \u00e9norme service\u00a0\u00bb, explique ce dernier. Qui pense alors \u00e0&#8230; Adil Rami, ancien d\u00e9fenseur des Dogues et ex-co\u00e9quipier d&rsquo;<a href=\"https:\/\/rmcsport.bfmtv.com\/football\/eden-hazard_DN-201501260354.html\" title=\"Eden Hazard\" class=\"internal_link\" rel=\"nofollow noopener\" target=\"_blank\">Eden Hazard<\/a>, pour sauver son entretien. Apr\u00e8s lui avoir envoy\u00e9 un message, Zack Nani a pu entrer avec l&rsquo;entourage d&rsquo;Eden Hazard.<\/p>\n<p>Le tournage, d\u00e9cal\u00e9 \u00e0 d\u00e9but ao\u00fbt, aura finalement bien lieu entre l&rsquo;ancien joueur et le streamer <a href=\"https:\/\/rmcsport.bfmtv.com\/football\/saudi-pro-league\/proposer-une-alternative-aux-modeles-classiques-de-diffusion-le-championnat-saoudien-sera-diffuse-sur-les-chaines-twitch-et-youtube-de-zach-nani_AV-202508080466.html\" title=\"&quot;Proposer une alternative aux mod\u00e8les classiques de diffusion&quot;: le championnat saoudien sera diffus\u00e9... sur les cha\u00eenes Twitch et Youtube de Zack Nani\" class=\"internal_link\" rel=\"nofollow noopener\" target=\"_blank\">d\u00e9tenteur des droits de diffusion de la Saudi Pro League<\/a>. Pour plus de 356 000 vues en vingt-quatre heures.<\/p>\n<p>Romain Daveau Journaliste RMC Sport<\/p>\n","protected":false},"excerpt":{"rendered":"Initi\u00e9e par le petit fr\u00e8re d\u2019Eden Hazard, l&rsquo;interview de l&rsquo;ancien international belge par Zack Nani \u00e9tait cal\u00e9e pour&hellip;\n","protected":false},"author":2,"featured_media":311457,"comment_status":"","ping_status":"","sticky":false,"template":"","format":"standard","meta":{"footnotes":""},"categories":[1356],"tags":[58,59,1011,27,252,1364],"class_list":{"0":"post-311456","1":"post","2":"type-post","3":"status-publish","4":"format-standard","5":"has-post-thumbnail","7":"category-television","8":"tag-divertissement","9":"tag-entertainment","10":"tag-fr","11":"tag-france","12":"tag-television","13":"tag-tv"},"share_on_mastodon":{"url":"https:\/\/pubeurope.com\/@fr\/115009860677147735","error":""},"_links":{"self":[{"href":"https:\/\/www.europesays.com\/fr\/wp-json\/wp\/v2\/posts\/311456","targetHints":{"allow":["GET"]}}],"collection":[{"href":"https:\/\/www.europesays.com\/fr\/wp-json\/wp\/v2\/posts"}],"about":[{"href":"https:\/\/www.europesays.com\/fr\/wp-json\/wp\/v2\/types\/post"}],"author":[{"embeddable":true,"href":"https:\/\/www.europesays.com\/fr\/wp-json\/wp\/v2\/users\/2"}],"replies":[{"embeddable":true,"href":"https:\/\/www.europesays.com\/fr\/wp-json\/wp\/v2\/comments?post=311456"}],"version-history":[{"count":0,"href":"https:\/\/www.europesays.com\/fr\/wp-json\/wp\/v2\/posts\/311456\/revisions"}],"wp:featuredmedia":[{"embeddable":true,"href":"https:\/\/www.europesays.com\/fr\/wp-json\/wp\/v2\/media\/311457"}],"wp:attachment":[{"href":"https:\/\/www.europesays.com\/fr\/wp-json\/wp\/v2\/media?parent=311456"}],"wp:term":[{"taxonomy":"category","embeddable":true,"href":"https:\/\/www.europesays.com\/fr\/wp-json\/wp\/v2\/categories?post=311456"},{"taxonomy":"post_tag","embeddable":true,"href":"https:\/\/www.europesays.com\/fr\/wp-json\/wp\/v2\/tags?post=311456"}],"curies":[{"name":"wp","href":"https:\/\/api.w.org\/{rel}","templated":true}]}}