{"id":311460,"date":"2025-08-11T11:20:07","date_gmt":"2025-08-11T11:20:07","guid":{"rendered":"https:\/\/www.europesays.com\/fr\/311460\/"},"modified":"2025-08-11T11:20:07","modified_gmt":"2025-08-11T11:20:07","slug":"y-a-t-il-un-flic-pour-sauver-le-monde-le-retour-rafraichissant-dun-cretin-heroique-avec-liam-neeson-le-monde-fr","status":"publish","type":"post","link":"https:\/\/www.europesays.com\/fr\/311460\/","title":{"rendered":"\u00ab Y a-t-il un flic pour sauver le monde ? \u00bb : le retour rafra\u00eechissant d\u2019un cr\u00e9tin h\u00e9ro\u00efque avec Liam Neeson &#8211; Le Monde.fr"},"content":{"rendered":"<ol>\n<li><a href=\"https:\/\/news.google.com\/rss\/articles\/CBMi_AFBVV95cUxPN1hpemNpN3ZjTERFLVpJMkRpNHhnclFtejZnT1NCZEtYWWx3RjZRdC1ickxGLTdOb0lRZmFZUnVVQ0c2X2Jpc3pnbGlQZXlNVDJ5TTZYOTVIZlFYQVhfVUZCelNWU05ybERsZzVpV2tTaGlPRzhTdlhUdnN0UjRxa2JtaGtqcFpES1FnMkZjSXZOUjl5Z1ctVzhmTUgxUTFtWTZJSWtDTDZHckVucFpMTHRncEtCSVRURkEyS1Z1bjdNcW94WnRMQTVka3A3WXVWRWRZbkFiMGtaNk12YWZFUGpJNUZ5cXRBVFFVaDE4NnRnVlFtSm5nb2dZRDY?oc=5\" target=\"_blank\" rel=\"nofollow noopener\">\u00ab Y a-t-il un flic pour sauver le monde ? \u00bb : le retour rafra\u00eechissant d\u2019un cr\u00e9tin h\u00e9ro\u00efque avec Liam Neeson<\/a>&nbsp;&nbsp;Le Monde.fr<\/li>\n<li><a href=\"https:\/\/news.google.com\/rss\/articles\/CBMi_wFBVV95cUxPcHVTbWVXWEZpS19ULWRrMVpCdDhzNE1RcmlNYldxQmNXeEVGWmR0THFvbEVydGlYSHBRNVBhM0hFV0p3d01GTDU1TmVnOEV3Z0Npb1ZUV09qTUotRUlKRWluZHdIa3F5U1JmejFqRnJiS1huY2I3b2lpWTdiZzhGMVJzc2N5RmJ5dGExYnNDN1pvN29kTmZYUjh5LXoteHhwNG1vVmdaeHZudHhWelp2WW8xdVg1STFXUnY3SDFoVEdZd2dudEEwN1gwUWVmNko0SjFWX2s2bmo3NVhUc3BvcjNhVVdySDByUm5icTZjNHptY0JDX0RfYm0tVC1YZEE?oc=5\" target=\"_blank\" rel=\"nofollow noopener\">Trente ans apr\u00e8s, la franchise \u00ab\u00a0Y a-t-il un flic&#8230;\u00a0\u00bb est de retour, avec Liam Neeson en t\u00eate d&rsquo;affiche inattendue<\/a>&nbsp;&nbsp;TF1 Info<\/li>\n<li><a href=\"https:\/\/news.google.com\/rss\/articles\/CBMif0FVX3lxTFA3TWRTeUx6UE1ZRGRQMlFUamVsbUJYUERkNEwzVjA5aGVtRWphd3lUM0k0VVVMUlFrN3J1VHJLbTlkdjZFSFB1c2RlWm9rbERXU21UUGlBY0phc0swRm8wRkZrZjd2Q01pUmFHRk1LODI1b0xkQTVGdFNhMjZJZXc?oc=5\" target=\"_blank\" rel=\"nofollow noopener\">Critique Y a-t-il un flic pour sauver le monde ? : assassin de la police<\/a>&nbsp;&nbsp;L&rsquo;Info Tout Court<\/li>\n<li><a href=\"https:\/\/news.google.com\/rss\/articles\/CBMikgFBVV95cUxPd1BjZHZ2Ml84UjlqN3Q2aWdPQlBhWVpSVzdtYWNaMWZBWHlwa0VGVEVoQU52TXluT1pzckRHY3JQaklrWlNFbjNjcTVmX2E4Nk5ZMWUxN0Uwd0llSURPUEJiS3NmWHJxUlRxc0VoM0VKQmxXN3JqSUZ5eFZfUTlGa3VqZXIzRTVMeEVNR256d3pqQQ?oc=5\" target=\"_blank\" rel=\"nofollow noopener\">Y a-t-il un flic pour sauver le monde ? : critique d\u2019une police qui tue de rire (pour une fois)<\/a>&nbsp;&nbsp;Ecran Large<\/li>\n<\/ol>\n","protected":false},"excerpt":{"rendered":"\u00ab Y a-t-il un flic pour sauver le monde ? \u00bb : le retour rafra\u00eechissant d\u2019un cr\u00e9tin h\u00e9ro\u00efque&hellip;\n","protected":false},"author":2,"featured_media":1445,"comment_status":"","ping_status":"","sticky":false,"template":"","format":"standard","meta":{"footnotes":""},"categories":[1354],"tags":[58,59,1346,1011,27,1360],"class_list":{"0":"post-311460","1":"post","2":"type-post","3":"status-publish","4":"format-standard","5":"has-post-thumbnail","7":"category-films","8":"tag-divertissement","9":"tag-entertainment","10":"tag-films","11":"tag-fr","12":"tag-france","13":"tag-movies"},"share_on_mastodon":{"url":"https:\/\/pubeurope.com\/@fr\/115009868593337375","error":""},"_links":{"self":[{"href":"https:\/\/www.europesays.com\/fr\/wp-json\/wp\/v2\/posts\/311460","targetHints":{"allow":["GET"]}}],"collection":[{"href":"https:\/\/www.europesays.com\/fr\/wp-json\/wp\/v2\/posts"}],"about":[{"href":"https:\/\/www.europesays.com\/fr\/wp-json\/wp\/v2\/types\/post"}],"author":[{"embeddable":true,"href":"https:\/\/www.europesays.com\/fr\/wp-json\/wp\/v2\/users\/2"}],"replies":[{"embeddable":true,"href":"https:\/\/www.europesays.com\/fr\/wp-json\/wp\/v2\/comments?post=311460"}],"version-history":[{"count":0,"href":"https:\/\/www.europesays.com\/fr\/wp-json\/wp\/v2\/posts\/311460\/revisions"}],"wp:featuredmedia":[{"embeddable":true,"href":"https:\/\/www.europesays.com\/fr\/wp-json\/wp\/v2\/media\/1445"}],"wp:attachment":[{"href":"https:\/\/www.europesays.com\/fr\/wp-json\/wp\/v2\/media?parent=311460"}],"wp:term":[{"taxonomy":"category","embeddable":true,"href":"https:\/\/www.europesays.com\/fr\/wp-json\/wp\/v2\/categories?post=311460"},{"taxonomy":"post_tag","embeddable":true,"href":"https:\/\/www.europesays.com\/fr\/wp-json\/wp\/v2\/tags?post=311460"}],"curies":[{"name":"wp","href":"https:\/\/api.w.org\/{rel}","templated":true}]}}