{"id":311461,"date":"2025-08-11T11:21:15","date_gmt":"2025-08-11T11:21:15","guid":{"rendered":"https:\/\/www.europesays.com\/fr\/311461\/"},"modified":"2025-08-11T11:21:15","modified_gmt":"2025-08-11T11:21:15","slug":"le-vrai-du-faux-sur-la-creme-solaire-sur-laquelle-on-se-repose-un-peu-trop","status":"publish","type":"post","link":"https:\/\/www.europesays.com\/fr\/311461\/","title":{"rendered":"Le vrai du faux sur la cr\u00e8me solaire, sur laquelle on se repose\u2026 un peu trop"},"content":{"rendered":"<p class=\"paragraph text_align_left lp-f-body-02\">Un peu comme pour une mayonnaise, Lor\u00e8ne verse les ingr\u00e9dients, filtres UV et autres compos\u00e9s chimiques dans une sorte de gros brasseur. En quelques secondes, l\u2019\u00e9mulsion prend la couleur et la texture de ce que l\u2019on appliquera sur la plage tout l\u2019\u00e9t\u00e9 : la cr\u00e8me solaire. <a href=\"https:\/\/www.leparisien.fr\/environnement\/ocean-friendly-que-valent-les-promesses-des-cremes-solaires-bonnes-pour-la-planete-06-06-2025-B7ZEI63WBBDURDDEKDWKLIVPQQ.php\" target=\"_self\" rel=\"nofollow noopener\">Et pour comprendre ce qu\u2019elles contiennent<\/a> et comment elles sont fabriqu\u00e9es, L\u2019Or\u00e9al nous a ouvert ses laboratoires de Chevilly-Larue (<a href=\"https:\/\/www.leparisien.fr\/val-de-marne-94\/\" target=\"_blank\" rel=\"noreferrer nofollow noopener\">Val-de-Marne<\/a>).<\/p>\n","protected":false},"excerpt":{"rendered":"Un peu comme pour une mayonnaise, Lor\u00e8ne verse les ingr\u00e9dients, filtres UV et autres compos\u00e9s chimiques dans une&hellip;\n","protected":false},"author":2,"featured_media":311462,"comment_status":"","ping_status":"","sticky":false,"template":"","format":"standard","meta":{"footnotes":""},"categories":[10],"tags":[1011,27,72,71,41,104],"class_list":{"0":"post-311461","1":"post","2":"type-post","3":"status-publish","4":"format-standard","5":"has-post-thumbnail","7":"category-sante","8":"tag-fr","9":"tag-france","10":"tag-health","11":"tag-sante","12":"tag-sciences","13":"tag-societe"},"share_on_mastodon":{"url":"https:\/\/pubeurope.com\/@fr\/115009872467657199","error":""},"_links":{"self":[{"href":"https:\/\/www.europesays.com\/fr\/wp-json\/wp\/v2\/posts\/311461","targetHints":{"allow":["GET"]}}],"collection":[{"href":"https:\/\/www.europesays.com\/fr\/wp-json\/wp\/v2\/posts"}],"about":[{"href":"https:\/\/www.europesays.com\/fr\/wp-json\/wp\/v2\/types\/post"}],"author":[{"embeddable":true,"href":"https:\/\/www.europesays.com\/fr\/wp-json\/wp\/v2\/users\/2"}],"replies":[{"embeddable":true,"href":"https:\/\/www.europesays.com\/fr\/wp-json\/wp\/v2\/comments?post=311461"}],"version-history":[{"count":0,"href":"https:\/\/www.europesays.com\/fr\/wp-json\/wp\/v2\/posts\/311461\/revisions"}],"wp:featuredmedia":[{"embeddable":true,"href":"https:\/\/www.europesays.com\/fr\/wp-json\/wp\/v2\/media\/311462"}],"wp:attachment":[{"href":"https:\/\/www.europesays.com\/fr\/wp-json\/wp\/v2\/media?parent=311461"}],"wp:term":[{"taxonomy":"category","embeddable":true,"href":"https:\/\/www.europesays.com\/fr\/wp-json\/wp\/v2\/categories?post=311461"},{"taxonomy":"post_tag","embeddable":true,"href":"https:\/\/www.europesays.com\/fr\/wp-json\/wp\/v2\/tags?post=311461"}],"curies":[{"name":"wp","href":"https:\/\/api.w.org\/{rel}","templated":true}]}}