{"id":311465,"date":"2025-08-11T11:23:10","date_gmt":"2025-08-11T11:23:10","guid":{"rendered":"https:\/\/www.europesays.com\/fr\/311465\/"},"modified":"2025-08-11T11:23:10","modified_gmt":"2025-08-11T11:23:10","slug":"raquel-garrido-reagit-a-la-condamnation-de-sa-fille-pour-antisemitisme","status":"publish","type":"post","link":"https:\/\/www.europesays.com\/fr\/311465\/","title":{"rendered":"Raquel Garrido r\u00e9agit \u00e0 la condamnation de sa fille pour antis\u00e9mitisme"},"content":{"rendered":"<p>                             Par Marine Cassan<\/p>\n<p>                Le 11 ao\u00fbt 2025 \u00e0 11h44<\/p>\n<p>    Raquel Garrido.<br \/>\n                Domine Jerome\/ABACA.<\/p>\n<p><strong>VID\u00c9O &#8211; <\/strong>Invit\u00e9e de Sasha Elbaz dans \u00abLa Baze\u00bb sur YouTube, l\u2019avocate et ancienne chroniqueuse a \u00e9voqu\u00e9 la sanction re\u00e7ue par sa fille In\u00e8s apr\u00e8s les accusations de Damien Rieu, ancien militant identitaire d\u2019extr\u00eame droite.<\/p>\n<p class=\"fig-paragraph\">\u00abElle est victime.\u00bb Invit\u00e9e de l\u2019\u00e9mission YouTube de\u00a0<a href=\"http:\/\/tvmag.lefigaro.fr\/programme-tv\/actu-tele\/c-etait-tres-violent-sasha-elbaz-revele-s-etre-violemment-embrouille-avec-guillaume-genton-20240606\" target=\"_blank\" data-fig-type=\"Article\" rel=\"noopener\" data-gtm-custom-categorie=\"navigation\" data-gtm-custom-action=\"crossclick\" data-gtm-custom-label=\"Contextuel\" data-gtm-event=\"customEventSPE\" data-fig-domain=\"TVMAG\">Sasha Elbaz<\/a>\u00a0o\u00f9 ce dernier fait l\u2019interview de personnalit\u00e9s publiques,\u00a0<a href=\"https:\/\/www.lefigaro.fr\/tag\/raquel-garrido\" target=\"_blank\" rel=\"noopener\" data-gtm-custom-categorie=\"navigation\" data-gtm-custom-action=\"crossclick\" data-gtm-custom-label=\"Contextuel\" data-gtm-event=\"customEventSPE\"><strong>Raquel Garrido<\/strong><\/a> \u00a0s\u2019est expliqu\u00e9e sur la r\u00e9cente condamnation de sa fille,\u00a0<a href=\"http:\/\/www.lefigaro.fr\/actualite-france\/six-mois-avec-sursis-requis-contre-la-fille-de-raquel-garrido-et-alexis-corbiere-accusee-de-propos-antisemites-20250521\" target=\"_blank\" data-fig-type=\"NewsFlash\" rel=\"noopener\" data-gtm-custom-categorie=\"navigation\" data-gtm-custom-action=\"crossclick\" data-gtm-custom-label=\"Contextuel\" data-gtm-event=\"customEventSPE\" data-fig-domain=\"LEFIGARO\"><strong>In\u00e8s Corbi\u00e8re<\/strong><\/a> . Cette derni\u00e8re a \u00e9t\u00e9 condamn\u00e9e le 8 juillet dernier pour \u00abprovocation \u00e0 commettre des atteintes volontaires \u00e0 la vie en raison de l\u2019appartenance ou de la non-appartenance, vraie ou suppos\u00e9e, \u00e0 une ethnie, une Nation, une pr\u00e9tendue race ou une religion\u00bb et \u00abrefus de mettre en \u0153uvre la convention secr\u00e8te de d\u00e9chiffrement d\u2019un moyen de cryptologie\u00bb.<\/p>\n<p class=\"fig-paragraph\">La jeune femme de 22 ans a \u00e9cop\u00e9 d\u2019une peine de trois mois de prison avec sursis, une d\u00e9cision judiciaire \u00e0 laquelle In\u00e8s Corbi\u00e8re a fait appel. Pour la premi\u00e8re fois, sa m\u00e8re a souhait\u00e9 s\u2019exprimer publiquement sur l\u2019affaire. \u00abEst-ce que votre fille est antis\u00e9mite\u00a0?\u00bb, a questionn\u00e9 de but en blanc l\u2019intervieweur.<\/p>\n<p>                                    <a class=\"fig-a11y-skip a11y-hidden\" href=\"#fig-a11y-skip-main-inarticle\"><br \/>\n        Passer la publicit\u00e9<br \/>\n    <\/a><\/p>\n<p class=\"fig-paragraph\">\u00abMa r\u00e9ponse est non\u00bb, a alors r\u00e9pondu l\u2019avocate avant de poursuivre\u00a0: \u00abJe comprends qu\u2019on me pose la question, \u00e9tant donn\u00e9 qu\u2019il y a eu une condamnation r\u00e9cente. Je veux prot\u00e9ger la vie priv\u00e9e de mes enfants. Ce que je peux vous dire, c\u2019est qu\u2019In\u00e8s a fait appel\u00bb.<\/p>\n<p class=\"fig-paragraph\">L\u2019occasion pour l\u2019ancienne chroniqueuse dans\u00a0<a href=\"https:\/\/tvmag.lefigaro.fr\/programme-tv\/programme\/balance-ton-post-d985180895\" target=\"_blank\" rel=\"noopener\" data-gtm-custom-categorie=\"navigation\" data-gtm-custom-action=\"crossclick\" data-gtm-custom-label=\"Contextuel\" data-gtm-event=\"customEventSPE\">\u00abBalance ton poste\u00a0!\u00bb<\/a>\u00a0sur C8 de revenir sur l\u2019origine de l\u2019accusation. \u00abMa file a \u00e9t\u00e9 mise en cause par\u00a0<a href=\"https:\/\/www.lefigaro.fr\/tag\/damien-rieu\" target=\"_blank\" rel=\"noopener\" data-gtm-custom-categorie=\"navigation\" data-gtm-custom-action=\"crossclick\" data-gtm-custom-label=\"Contextuel\" data-gtm-event=\"customEventSPE\"><strong>Damien Rieu<\/strong> <\/a>. Je vais vous le raconter moi. Damien Rieu, qui \u00e9tait l\u2019ancien community manager d\u2019<a href=\"https:\/\/www.lefigaro.fr\/tag\/eric-zemmour\" target=\"_blank\" rel=\"noopener\" data-gtm-custom-categorie=\"navigation\" data-gtm-custom-action=\"crossclick\" data-gtm-custom-label=\"Contextuel\" data-gtm-event=\"customEventSPE\">\u00c9ric Zemmour<\/a> , a publi\u00e9 une vid\u00e9o de ma fille In\u00e8s quand elle \u00e9tait mineure. Une soir\u00e9e o\u00f9 elle est bourr\u00e9e, \u00e7a se voit, dans cette vid\u00e9o, ma fille est une victime. Elle emploie effectivement cette expression\u00a0: \u201cJe suis antis\u00e9mite\u201d, qu\u2019elle n\u2019a pas \u00e0 justifier en tant que personne priv\u00e9e, du contexte de \u00e7a. Ma fille n\u2019est pas antis\u00e9mite, elle est extraordinaire. Elle a le droit aussi, en tant qu\u2019enfant de personnalit\u00e9 politique ou m\u00e9diatique, de ne pas \u00eatre la cible d\u2019attaques des ennemis politiques. Damien Rieu est une merde\u00bb, a tenu \u00e0 clarifier l\u2019\u00e9pouse d\u2019<a href=\"https:\/\/www.lefigaro.fr\/tag\/alexis-corbiere\" target=\"_blank\" rel=\"noopener\" data-gtm-custom-categorie=\"navigation\" data-gtm-custom-action=\"crossclick\" data-gtm-custom-label=\"Contextuel\" data-gtm-event=\"customEventSPE\">Alexis Corbi\u00e8re<\/a>.<\/p>\n<p class=\"fig-body-link\">\n            \u00c0 lire aussi<br \/>\n        <a class=\"fig-body-link__link\" href=\"http:\/\/www.lefigaro.fr\/actualite-france\/la-fille-d-alexis-corbiere-et-de-raquel-garrido-condamnee-a-trois-mois-de-prison-avec-sursis-20250708\" target=\"_blank\" data-fig-type=\"NewsFlash\" rel=\"noopener\" data-gtm-custom-categorie=\"navigation\" data-gtm-custom-action=\"crossclick\" data-gtm-custom-label=\"Contextuel\" data-gtm-event=\"customEventSPE\" data-fig-domain=\"LEFIGARO\">\u00abQui se chauffe pour aller casser du sioniste\u00bb\u00a0: la fille d\u2019Alexis Corbi\u00e8re et de Raquel Garrido condamn\u00e9e \u00e0 trois mois de prison avec sursis<br \/>\n    <\/a>\n<\/p>\n<p class=\"fig-paragraph\">Pour rappel, le militant d\u2019extr\u00eame droite \u00e0 l\u2019automne 2023 avait publi\u00e9 sur son compte X une vid\u00e9o de la jeune femme quelques ann\u00e9es plus t\u00f4t, d\u00e9clarant\u00a0: \u00abJe suis antis\u00e9mite , je m\u2019en bats les cou*****. J\u2019assume\u00bb. L\u2019affaire avait alors \u00e9t\u00e9 port\u00e9e devant la justice, le domicile des Garrido-Corbi\u00e8re ayant \u00e9t\u00e9 perquisitionn\u00e9e le 16 janvier 2024.<\/p>\n","protected":false},"excerpt":{"rendered":"Par Marine Cassan Le 11 ao\u00fbt 2025 \u00e0 11h44 Raquel Garrido. Domine Jerome\/ABACA. VID\u00c9O &#8211; Invit\u00e9e de Sasha&hellip;\n","protected":false},"author":2,"featured_media":311466,"comment_status":"","ping_status":"","sticky":false,"template":"","format":"standard","meta":{"footnotes":""},"categories":[8],"tags":[6155,4073,58,59,1011,27,7320],"class_list":{"0":"post-311465","1":"post","2":"type-post","3":"status-publish","4":"format-standard","5":"has-post-thumbnail","7":"category-divertissement","8":"tag-antisemitisme","9":"tag-condamnation","10":"tag-divertissement","11":"tag-entertainment","12":"tag-fr","13":"tag-france","14":"tag-raquel-garrido"},"share_on_mastodon":{"url":"https:\/\/pubeurope.com\/@fr\/115009880578245365","error":""},"_links":{"self":[{"href":"https:\/\/www.europesays.com\/fr\/wp-json\/wp\/v2\/posts\/311465","targetHints":{"allow":["GET"]}}],"collection":[{"href":"https:\/\/www.europesays.com\/fr\/wp-json\/wp\/v2\/posts"}],"about":[{"href":"https:\/\/www.europesays.com\/fr\/wp-json\/wp\/v2\/types\/post"}],"author":[{"embeddable":true,"href":"https:\/\/www.europesays.com\/fr\/wp-json\/wp\/v2\/users\/2"}],"replies":[{"embeddable":true,"href":"https:\/\/www.europesays.com\/fr\/wp-json\/wp\/v2\/comments?post=311465"}],"version-history":[{"count":0,"href":"https:\/\/www.europesays.com\/fr\/wp-json\/wp\/v2\/posts\/311465\/revisions"}],"wp:featuredmedia":[{"embeddable":true,"href":"https:\/\/www.europesays.com\/fr\/wp-json\/wp\/v2\/media\/311466"}],"wp:attachment":[{"href":"https:\/\/www.europesays.com\/fr\/wp-json\/wp\/v2\/media?parent=311465"}],"wp:term":[{"taxonomy":"category","embeddable":true,"href":"https:\/\/www.europesays.com\/fr\/wp-json\/wp\/v2\/categories?post=311465"},{"taxonomy":"post_tag","embeddable":true,"href":"https:\/\/www.europesays.com\/fr\/wp-json\/wp\/v2\/tags?post=311465"}],"curies":[{"name":"wp","href":"https:\/\/api.w.org\/{rel}","templated":true}]}}