{"id":311467,"date":"2025-08-11T11:24:14","date_gmt":"2025-08-11T11:24:14","guid":{"rendered":"https:\/\/www.europesays.com\/fr\/311467\/"},"modified":"2025-08-11T11:24:14","modified_gmt":"2025-08-11T11:24:14","slug":"macbook-low-cost-le-prix-du-premier-modele-ultra-abordable-dapple-fuite-et-il-fait-rever","status":"publish","type":"post","link":"https:\/\/www.europesays.com\/fr\/311467\/","title":{"rendered":"MacBook low-cost : le prix du premier mod\u00e8le ultra-abordable d\u2019Apple fuite, et il fait r\u00eaver !"},"content":{"rendered":"<p>En bref<\/p>\n<ul class=\"ed__lists ed__bdy__l\">\n<li>Apple pr\u00e9parerait un MacBook low-cost \u00e0 partir de 699 \u20ac, prix attractif confirm\u00e9.<\/li>\n<li>Ce mod\u00e8le utiliserait la puce A18 Pro des iPhone 16 Pro et un \u00e9cran plus petit.<\/li>\n<li>On aurait donc un design plus compact et une puissance r\u00e9duite pour un usage quotidien basique et efficace.<\/li>\n<\/ul>\n<p class=\"ed__a-p ed__bdy__l\">Au d\u00e9but de l\u2019\u00e9t\u00e9 2025, les bruits de couloir \u00e9voquaient l\u2019arriv\u00e9e prochaine d\u2019<a href=\"https:\/\/www.lesnumeriques.com\/ordinateur-portable\/macbook-pas-cher-apple-ferait-baisser-les-prix-en-2026-grace-aux-iphone-16-pro-n238945.html\" title=\"MacBook pas cher : Apple ferait baisser les prix en 2026 gr\u00e2ce aux iPhone 16 Pro\" rel=\"nofollow noopener\" target=\"_blank\">un MacBook low-cost<\/a>. Une fa\u00e7on pour Apple d\u2019offrir un ordinateur portable \u00e0 prix ultra-abordable, l\u00e0 o\u00f9 le Mac mini fait tr\u00e8s bien le travail en tant que mod\u00e8le de bureau. Une r\u00e9cente fuite nous en dit plus sur ce projet, et notamment le tarif envisag\u00e9 par la firme \u00e0 la pomme.<\/p>\n<p>Un MacBook \u00e0 partir de 699 \u20ac, l\u2019ambitieux projet d\u2019Apple pour 2025\/2026<\/p>\n<p class=\"ed__a-p ed__bdy__l\">Avec un MacBook Air d\u00e9butant \u00e0 1 199 \u20ac, Apple reste encore bien loin du prix abordable des constructeurs d\u2019ordinateurs portables tournant sous Windows. Une situation qui pourrait bien \u00e9voluer dans les mois \u00e0 venir gr\u00e2ce \u00e0 l\u2019arriv\u00e9e d\u2019un premier mod\u00e8le low-cost.<\/p>\n<p class=\"ed__a-p ed__bdy__l\">\u00c9voqu\u00e9 par Ming-Chi Kuo fin juin 2025, cet appareil a maintenant droit \u00e0 une nouvelle fuite pr\u00e9cisant son prix. D\u2019apr\u00e8s les informations de DigiTimes, Apple tablerait sur un tarif compris entre 599 $ et 699 $. \u00c0 titre d\u2019information, le <a href=\"https:\/\/www.lesnumeriques.com\/ordinateur-de-bureau\/apple-mac-mini-m3-p74177\/test.html\" title=\"Apple Mac Mini (M4)\u00a0: toujours plus petit, toujours plus puissant\" rel=\"nofollow noopener\" target=\"_blank\">Mac mini M4<\/a> d\u00e9bute \u00e0 599 $, contre 699 \u20ac en France.<\/p>\n<p class=\"ed__a-p ed__bdy__l\">Apple arriverait ainsi \u00e0 enlever 500 \u20ac au prix du <a href=\"https:\/\/www.lesnumeriques.com\/ordinateur-portable\/apple-macbook-air-13-pouces-m4-p75174\/test.html\" title=\"Apple MacBook Air M4 13\u00a0pouces\u00a0: il ne reste rien aux PC portables sous Windows !\" rel=\"nofollow noopener\" target=\"_blank\">MacBook Air M4<\/a> pour proposer un MacBook ultra-accessible. L\u2019occasion d\u2019avoir un vrai prix d\u2019appel loin de la barre des 1 000 \u20ac \u2014 r\u00e9el frein \u00e0 l\u2019achat pour certains consommateurs.<\/p>\n<p>Quelles concessions pour arriver \u00e0 ce prix ?<\/p>\n<p class=\"ed__a-p ed__bdy__l\">La question est d\u00e9sormais de savoir comment Apple arriverait \u00e0 cette tarification, et la bonne nouvelle, c\u2019est qu\u2019on a d\u00e9j\u00e0 quelques r\u00e9ponses. Tout comme Ming-Chi Kuo, DigiTimes parle d\u2019un changement de taille par rapport aux autres MacBook : l\u2019utilisation de la puce des <a href=\"https:\/\/www.lesnumeriques.com\/telephone-portable\/apple-iphone-16-pro-p74131\/test.html\" title=\"Apple iPhone\u00a016 Pro\u00a0: sans Apple Intelligence, point de salut\u00a0?\" rel=\"nofollow noopener\" target=\"_blank\">iPhone 16 Pro<\/a> et <a href=\"https:\/\/www.lesnumeriques.com\/telephone-portable\/apple-iphone-16-pro-max-p75569\/test.html\" title=\"Apple iPhone 16 Pro Max\u00a0: la Pomme voit toujours plus grand, m\u00eame sans\u00a0IA\" rel=\"nofollow noopener\" target=\"_blank\">16 Pro Max<\/a>, l\u2019A18 Pro.<\/p>\n<p class=\"ed__a-p ed__bdy__l\">\u00c0 cela s\u2019ajouterait un \u00e9cran plus petit de 12,9 pouces, contre 13,6 pouces sur les derniers MacBook Air. On aurait ainsi droit \u00e0 une diagonale similaire \u00e0 <a href=\"https:\/\/www.lesnumeriques.com\/tablette-tactile\/apple-ipad-pro-12-9-2022-p70455\/test.html\" title=\"Apple iPad Pro 12,9 (2022) : de la puissance \u00e0 revendre\" rel=\"nofollow noopener\" target=\"_blank\">celle des iPad Pro<\/a> avant la g\u00e9n\u00e9ration M4, maintenant rehauss\u00e9e \u00e0 13 pouces tout pile.<\/p>\n<p class=\"ed__a-p ed__bdy__l\">Ainsi, le MacBook low-cost miserait sur un peu moins de puissance et un design plus compact \u2014 deux choses qui ne devraient pas g\u00eaner les utilisateurs misant sur de la simple bureautique et\/ou du divertissement.<\/p>\n<p class=\"ed__a-p ed__bdy__l\">\u00c0 titre d\u2019information, la sortie de ce mod\u00e8le est attendue au mieux pour fin 2025, au pire pour le printemps 2026.<\/p>\n","protected":false},"excerpt":{"rendered":"En bref Apple pr\u00e9parerait un MacBook low-cost \u00e0 partir de 699 \u20ac, prix attractif confirm\u00e9. Ce mod\u00e8le utiliserait&hellip;\n","protected":false},"author":2,"featured_media":311468,"comment_status":"","ping_status":"","sticky":false,"template":"","format":"standard","meta":{"footnotes":""},"categories":[7],"tags":[1011,27,43,40,41,39,42,44],"class_list":{"0":"post-311467","1":"post","2":"type-post","3":"status-publish","4":"format-standard","5":"has-post-thumbnail","7":"category-sciences-et-technologies","8":"tag-fr","9":"tag-france","10":"tag-science","11":"tag-science-and-technology","12":"tag-sciences","13":"tag-sciences-et-technologies","14":"tag-technologies","15":"tag-technology"},"share_on_mastodon":{"url":"https:\/\/pubeurope.com\/@fr\/115009884275921693","error":""},"_links":{"self":[{"href":"https:\/\/www.europesays.com\/fr\/wp-json\/wp\/v2\/posts\/311467","targetHints":{"allow":["GET"]}}],"collection":[{"href":"https:\/\/www.europesays.com\/fr\/wp-json\/wp\/v2\/posts"}],"about":[{"href":"https:\/\/www.europesays.com\/fr\/wp-json\/wp\/v2\/types\/post"}],"author":[{"embeddable":true,"href":"https:\/\/www.europesays.com\/fr\/wp-json\/wp\/v2\/users\/2"}],"replies":[{"embeddable":true,"href":"https:\/\/www.europesays.com\/fr\/wp-json\/wp\/v2\/comments?post=311467"}],"version-history":[{"count":0,"href":"https:\/\/www.europesays.com\/fr\/wp-json\/wp\/v2\/posts\/311467\/revisions"}],"wp:featuredmedia":[{"embeddable":true,"href":"https:\/\/www.europesays.com\/fr\/wp-json\/wp\/v2\/media\/311468"}],"wp:attachment":[{"href":"https:\/\/www.europesays.com\/fr\/wp-json\/wp\/v2\/media?parent=311467"}],"wp:term":[{"taxonomy":"category","embeddable":true,"href":"https:\/\/www.europesays.com\/fr\/wp-json\/wp\/v2\/categories?post=311467"},{"taxonomy":"post_tag","embeddable":true,"href":"https:\/\/www.europesays.com\/fr\/wp-json\/wp\/v2\/tags?post=311467"}],"curies":[{"name":"wp","href":"https:\/\/api.w.org\/{rel}","templated":true}]}}