{"id":311469,"date":"2025-08-11T11:25:14","date_gmt":"2025-08-11T11:25:14","guid":{"rendered":"https:\/\/www.europesays.com\/fr\/311469\/"},"modified":"2025-08-11T11:25:14","modified_gmt":"2025-08-11T11:25:14","slug":"en-2027-le-monde-entrera-dans-une-dystopie-de-lia-pour-15-ans","status":"publish","type":"post","link":"https:\/\/www.europesays.com\/fr\/311469\/","title":{"rendered":"en 2027, le monde entrera dans une dystopie de l&rsquo;IA pour 15 ans"},"content":{"rendered":"<p>L\u2019ancien responsable commercial de la \u00ab\u00a0moonshot factory\u00a0\u00bb d\u2019Alphabet, cette branche charg\u00e9e des projets un peu fous de la maison m\u00e8re de Google, avance que l\u2019IA fait ressortir ce qu\u2019il y a de pire chez l\u2019humain.<\/p>\n<p>Vous avez sans doute d\u00e9j\u00e0 entendu parler des anciens responsables de Facebook qui emp\u00eachent leurs enfants d\u2019utiliser les r\u00e9seaux sociaux. Nous avons une nouvelle occurrence du genre rep\u00e9r\u00e9e par les coll\u00e8gues de <a href=\"https:\/\/gizmodo.com\/the-world-will-enter-a-15-year-ai-dystopia-in-2027-former-google-exec-says-2000641195\" rel=\"nofollow noopener\" target=\"_blank\">Gizmodo<\/a>\u00a0: Mo Gawdat, directeur commercial de la\u00a0moonshot factory\u00a0d\u2019Alphabet, cette branche consacr\u00e9e aux projets un peu fous, avance qu\u2019en 2027, une dystopie de l\u2019IA va d\u00e9marrer pour les 12 \u00e0 15\u00a0prochaines ann\u00e9es.<\/p>\n<p> Propos \u00e0 prendre avec beaucoup de pincettes <\/p>\n<p>Ce genre d\u2019alertes poss\u00e8de deux faces\u00a0: d\u2019un c\u00f4t\u00e9, vous avez une personne qui se trouvait dans le c\u0153ur de la machine qui vous dit que celle-ci d\u00e9raille. De l\u2019autre, vous avez un ancien employ\u00e9 qui ne r\u00e9siste sans doute pas \u00e0 mettre un petit taquet \u00e0 son ancien employeur.<\/p>\n<blockquote>\n<p>Lire aussi: <a href=\"https:\/\/www.01net.com\/actualites\/detecteurs-dia-larme-fatale-contre-la-triche-a-lecole-ou-fausse-bonne-idee.html\" rel=\"nofollow noopener\" target=\"_blank\">D\u00e9tecteurs d\u2019IA\u00a0: l\u2019arme fatale contre la triche \u00e0 l\u2019\u00e9cole\u2026 ou fausse bonne id\u00e9e\u00a0?<\/a><\/p>\n<\/blockquote>\n<p>En outre, malgr\u00e9 sa pr\u00e9sence au sein de Google, l\u2019une des entreprises les plus en pointe sur l\u2019IA g\u00e9n\u00e9rative avec non seulement Gemini, que le grand public conna\u00eet bien, mais surtout Google Deep Mind, le responsable n\u2019est pour autant pas capable de lire dans l\u2019avenir. Donner une date aussi pr\u00e9cise para\u00eet curieux et assez peu rigoureux.<\/p>\n<p>Toujours est-il que Mo Gawdat a sans doute eu acc\u00e8s \u00e0 des projets tr\u00e8s embryonnaires et des informations inconnues du public. Alors lorsqu\u2019il se rend dans le podcast Journal d\u2019un CEO pour tirer la sonnette d\u2019alarme, cela donne envie d\u2019\u00e9couter un minimum. Regardons donc ce qu\u2019il avance.<\/p>\n<p> Faire ressortir le pire chez l\u2019humain <\/p>\n<p>\u00ab\u00a0Nous devrons nous pr\u00e9parer \u00e0 un monde qui nous est tr\u00e8s peu familier\u00a0\u00bb, avance l\u2019ancien responsable, qui pr\u00e9dit une \u00ab\u00a0disruption majeure\u00a0\u00bb de \u00ab\u00a0valeurs cl\u00e9s\u00a0\u00bb de l\u2019humanit\u00e9. Il cite \u00ab\u00a0la libert\u00e9, le lien humain, la responsabilit\u00e9, la r\u00e9alit\u00e9 et le pouvoir\u00a0\u00bb.<\/p>\n<p>Selon lui, ce n\u2019est pas tant l\u2019IA qui pose probl\u00e8me. \u00ab\u00a0Il n\u2019y a absolument rien \u00e0 reprocher \u00e0 l\u2019IA\u00a0\u00bb, d\u00e9clare-t-il. Mais l\u2019IA devrait servir d\u2019amplificateur de probl\u00e8mes existants et de \u00ab\u00a0nos stupidit\u00e9s en tant qu\u2019humains\u00a0\u00bb.<\/p>\n<p>\u00ab\u00a0Il est tout \u00e0 fait possible de changer cette situation, mais je dois dire que je ne pense pas que l\u2019humanit\u00e9 soit suffisamment sensibilis\u00e9e pour se concentrer sur cette question\u00a0\u00bb, dispose encore Mo Gawdat.<\/p>\n<p>Selon lui, l\u2019IA risque d\u2019\u00eatre utilis\u00e9e pour accentuer \u00ab\u00a0le mal que l\u2019homme peut faire\u00a0\u00bb. Citons quelques exemples r\u00e9cents qui pullulent d\u00e9j\u00e0\u00a0: surveillance g\u00e9n\u00e9ralis\u00e9e renforc\u00e9e gr\u00e2ce \u00e0 l\u2019IA, licenciements de masse gr\u00e2ce aux \u00ab\u00a0gains de productivit\u00e9\u00a0\u00bb, deepfake \u00e0 caract\u00e8re sexuel de personnalit\u00e9s connues (Grok l\u2019a bien d\u00e9montr\u00e9 la semaine pass\u00e9e) ou encore arnaques automatis\u00e9es.<\/p>\n<p> La solution\u00a0? La loi comme souvent <\/p>\n<p>Avec un tel constat, Mo Gawdat peint donc un tableau bien sombre. Heureusement, son discours ne se limite pas \u00e0 annoncer le chaos. Il propose tout de m\u00eame une solution bien concr\u00e8te. \u00ab\u00a0L\u2019objectif global est de faire pression sur les gouvernements pour qu\u2019ils comprennent qu\u2019il y a une limite au silence\u00a0\u00bb, d\u00e9taille Mo Gawdat.<\/p>\n<p>Selon lui, il ne faut pas r\u00e9glementer l\u2019IA en elle-m\u00eame, ce qui freinerait l\u2019innovation, mais l\u2019utilisation de l\u2019IA. Et l\u2019ancien responsable de proposer un parall\u00e8le int\u00e9ressant\u00a0: \u00ab\u00a0On ne peut pas r\u00e9glementer la conception d\u2019un marteau pour qu\u2019il puisse planter des clous sans tuer personne, mais on peut criminaliser le meurtre d\u2019un \u00eatre humain par un marteau.\u00a0\u00bb<\/p>\n<p>Probl\u00e8me, la plupart des dangers de l\u2019IA qu\u2019il invoque lui-m\u00eame sont d\u00e9j\u00e0 soumis \u00e0 des lois, tout particuli\u00e8rement en Europe ou France. Pour certains exemples, comme l\u2019utilisation militaire ou en mati\u00e8re de surveillance, l\u2019\u00c9tat pourrait \u00eatre lui-m\u00eame l\u2019instigateur d\u2019un usage de l\u2019IA probl\u00e9matique. Bref, le sujet est loin d\u2019\u00eatre clos. Au moins, nous pourrons dire que nous sommes pr\u00e9venus d\u00e9sormais\u00a0?<\/p>\n<blockquote>\n<p class=\"text-base text-neutral-700 dark:text-neutral-300\">\ud83d\udd34 Pour ne manquer aucune actualit\u00e9 de 01net, suivez-nous sur <a href=\"https:\/\/news.google.com\/publications\/CAAqBwgKMJPsvAswoIfUAw?hl=fr&amp;gl=FR&amp;ceid=FR%3Afr\" target=\"_blank\" rel=\"nofollow noopener\">Google Actualit\u00e9s<\/a> et <a href=\"https:\/\/whatsapp.com\/channel\/0029VaH5gKg6xCSG9nQQhQ1Z\" target=\"_blank\" rel=\"nofollow noopener\">WhatsApp<\/a>.<\/p>\n<\/blockquote>\n","protected":false},"excerpt":{"rendered":"L\u2019ancien responsable commercial de la \u00ab\u00a0moonshot factory\u00a0\u00bb d\u2019Alphabet, cette branche charg\u00e9e des projets un peu fous de la&hellip;\n","protected":false},"author":2,"featured_media":311470,"comment_status":"","ping_status":"","sticky":false,"template":"","format":"standard","meta":{"footnotes":""},"categories":[6],"tags":[35,33,34,1011,27,3994],"class_list":{"0":"post-311469","1":"post","2":"type-post","3":"status-publish","4":"format-standard","5":"has-post-thumbnail","7":"category-economie","8":"tag-business","9":"tag-economie","10":"tag-economy","11":"tag-fr","12":"tag-france","13":"tag-ia-generative"},"share_on_mastodon":{"url":"https:\/\/pubeurope.com\/@fr\/115009888216215335","error":""},"_links":{"self":[{"href":"https:\/\/www.europesays.com\/fr\/wp-json\/wp\/v2\/posts\/311469","targetHints":{"allow":["GET"]}}],"collection":[{"href":"https:\/\/www.europesays.com\/fr\/wp-json\/wp\/v2\/posts"}],"about":[{"href":"https:\/\/www.europesays.com\/fr\/wp-json\/wp\/v2\/types\/post"}],"author":[{"embeddable":true,"href":"https:\/\/www.europesays.com\/fr\/wp-json\/wp\/v2\/users\/2"}],"replies":[{"embeddable":true,"href":"https:\/\/www.europesays.com\/fr\/wp-json\/wp\/v2\/comments?post=311469"}],"version-history":[{"count":0,"href":"https:\/\/www.europesays.com\/fr\/wp-json\/wp\/v2\/posts\/311469\/revisions"}],"wp:featuredmedia":[{"embeddable":true,"href":"https:\/\/www.europesays.com\/fr\/wp-json\/wp\/v2\/media\/311470"}],"wp:attachment":[{"href":"https:\/\/www.europesays.com\/fr\/wp-json\/wp\/v2\/media?parent=311469"}],"wp:term":[{"taxonomy":"category","embeddable":true,"href":"https:\/\/www.europesays.com\/fr\/wp-json\/wp\/v2\/categories?post=311469"},{"taxonomy":"post_tag","embeddable":true,"href":"https:\/\/www.europesays.com\/fr\/wp-json\/wp\/v2\/tags?post=311469"}],"curies":[{"name":"wp","href":"https:\/\/api.w.org\/{rel}","templated":true}]}}