{"id":311483,"date":"2025-08-11T11:34:23","date_gmt":"2025-08-11T11:34:23","guid":{"rendered":"https:\/\/www.europesays.com\/fr\/311483\/"},"modified":"2025-08-11T11:34:23","modified_gmt":"2025-08-11T11:34:23","slug":"le-tribunal-judiciaire-evacue-apres-une-fausse-alerte-a-la-bombe","status":"publish","type":"post","link":"https:\/\/www.europesays.com\/fr\/311483\/","title":{"rendered":"le tribunal judiciaire \u00e9vacu\u00e9 apr\u00e8s une fausse alerte \u00e0 la bombe"},"content":{"rendered":"<p>Les forces de l&rsquo;ordre ont ordonn\u00e9 l&rsquo;\u00e9vacuation imm\u00e9diate du tribunal de Toulon, vendredi matin, \u00e0 la suite d&rsquo;une alerte \u00e0 la bombe. Celle-ci a pris fin apr\u00e8s une lev\u00e9e de doute.<\/p>\n<p>Une alerte \u00e0 la bombe au tribunal judiciaire de Toulon, ce vendredi matin aux alentours de 9h30, a conduit \u00e0 l&rsquo;\u00e9vacuation du palais de justice en urgence, a appris BFM Toulon Var de source polici\u00e8re.<\/p>\n<p>La police nationale a re\u00e7u un appel anonyme provenant d&rsquo;une ligne fixe, indiquant qu&rsquo;une bombe avait \u00e9t\u00e9 d\u00e9pos\u00e9e au sein du tribunal.<\/p>\n<p>Les forces de l&rsquo;ordre pr\u00e9sentes sur place ont imm\u00e9diatement install\u00e9 un p\u00e9rim\u00e8tre de s\u00e9curit\u00e9.<\/p>\n<p>Des reconnaissances ont \u00e9t\u00e9 effectu\u00e9es dans le b\u00e2timent principal ainsi que dans ses annexes. Une \u00e9quipe de d\u00e9mineurs, aux alentours de 11h15 vendredi, a permis de d\u00e9finitivement lever les doutes apr\u00e8s le passage de chiens renifleurs.<\/p>\n","protected":false},"excerpt":{"rendered":"Les forces de l&rsquo;ordre ont ordonn\u00e9 l&rsquo;\u00e9vacuation imm\u00e9diate du tribunal de Toulon, vendredi matin, \u00e0 la suite d&rsquo;une&hellip;\n","protected":false},"author":2,"featured_media":311484,"comment_status":"","ping_status":"","sticky":false,"template":"","format":"standard","meta":{"footnotes":""},"categories":[9619],"tags":[1111,11,1777,674,1011,27,12,882,25,2310],"class_list":{"0":"post-311483","1":"post","2":"type-post","3":"status-publish","4":"format-standard","5":"has-post-thumbnail","7":"category-toulon","8":"tag-actu","9":"tag-actualites","10":"tag-eu","11":"tag-europe","12":"tag-fr","13":"tag-france","14":"tag-news","15":"tag-provence-alpes-cote-dazur","16":"tag-republique-francaise","17":"tag-toulon"},"share_on_mastodon":{"url":"https:\/\/pubeurope.com\/@fr\/115009923555722754","error":""},"_links":{"self":[{"href":"https:\/\/www.europesays.com\/fr\/wp-json\/wp\/v2\/posts\/311483","targetHints":{"allow":["GET"]}}],"collection":[{"href":"https:\/\/www.europesays.com\/fr\/wp-json\/wp\/v2\/posts"}],"about":[{"href":"https:\/\/www.europesays.com\/fr\/wp-json\/wp\/v2\/types\/post"}],"author":[{"embeddable":true,"href":"https:\/\/www.europesays.com\/fr\/wp-json\/wp\/v2\/users\/2"}],"replies":[{"embeddable":true,"href":"https:\/\/www.europesays.com\/fr\/wp-json\/wp\/v2\/comments?post=311483"}],"version-history":[{"count":0,"href":"https:\/\/www.europesays.com\/fr\/wp-json\/wp\/v2\/posts\/311483\/revisions"}],"wp:featuredmedia":[{"embeddable":true,"href":"https:\/\/www.europesays.com\/fr\/wp-json\/wp\/v2\/media\/311484"}],"wp:attachment":[{"href":"https:\/\/www.europesays.com\/fr\/wp-json\/wp\/v2\/media?parent=311483"}],"wp:term":[{"taxonomy":"category","embeddable":true,"href":"https:\/\/www.europesays.com\/fr\/wp-json\/wp\/v2\/categories?post=311483"},{"taxonomy":"post_tag","embeddable":true,"href":"https:\/\/www.europesays.com\/fr\/wp-json\/wp\/v2\/tags?post=311483"}],"curies":[{"name":"wp","href":"https:\/\/api.w.org\/{rel}","templated":true}]}}