{"id":311485,"date":"2025-08-11T11:35:10","date_gmt":"2025-08-11T11:35:10","guid":{"rendered":"https:\/\/www.europesays.com\/fr\/311485\/"},"modified":"2025-08-11T11:35:10","modified_gmt":"2025-08-11T11:35:10","slug":"mais-pourquoi-zach-mercer-a-signe-au-rc-toulon-plutot-que-de-faire-son-retour-a-montpellier-il-sexplique-sans-langue-de-bois","status":"publish","type":"post","link":"https:\/\/www.europesays.com\/fr\/311485\/","title":{"rendered":"Mais pourquoi Zach Mercer a sign\u00e9 au RC Toulon plut\u00f4t que de faire son retour \u00e0 Montpellier ? Il s&rsquo;explique sans langue de bois !"},"content":{"rendered":"<p>Le troisi\u00e8me ligne international Anglais Zach Mercer est arriv\u00e9 su les bords de la Rade cet \u00e9t\u00e9.<\/p>\n<p>L\u2019ancien joueur de Montpellier pass\u00e9 entre temps par Gloucester s\u2019est engag\u00e9 en faveur du Rugby Club Toulonnais pour les saisons \u00e0 venir.<\/p>\n<p>Il s\u2019agissait d\u2019une r\u00e9elle priorit\u00e9 du pr\u00e9sident Bernard Lemaitre pour remplacer Facundo Isa, en partance vers Pau.<\/p>\n<p>Interrog\u00e9 via <a href=\"https:\/\/www.varmatin.com\/rugby\/j-aurais-ete-dingue-de-ne-pas-signer-au-rct-zach-mercer-raconte-sa-signature-a-toulon-997588?t=1754897056\" rel=\"nofollow noopener\" target=\"_blank\">Var-matin<\/a>, Zach Mercer a expliqu\u00e9 sa d\u00e9cision de signer \u00e0 Toulon et non pas d\u2019effectuer son retour \u00e0 Montpellier.<\/p>\n<p><strong>A lire ci-dessous :<\/strong><\/p>\n<p>J\u2019ai aim\u00e9 plus que tout au monde mes deux saisons \u00e0 Montpellier. Nous avons v\u00e9cu des choses extraordinaires, remport\u00e9 le premier Brennus de l\u2019histoire du club, nous \u00e9tions une bande de potes g\u00e9niale\u2026 Nous avons v\u00e9cu quelque chose de dingue mais, rouvrir cette parenth\u00e8se, c\u2019\u00e9tait aussi risquer que ce soit moins g\u00e9nial. Puis le groupe a beaucoup chang\u00e9, des tr\u00e8s bons amis \u00e0 moi sont partis. <\/p>\n<p>Et, de toute fa\u00e7on, j\u2019aime relever de nouveaux d\u00e9fis, d\u00e9couvrir une nouvelle culture. Enfin, quand on voit les joueurs qui ont port\u00e9 le n\u00b0 8 \u00e0 Toulon, qui n\u2019aurait pas envie de se challenger? J\u2019aurais \u00e9t\u00e9 dingue de ne pas signer au RCT.<\/p>\n<p><strong>Il ne le cache pas : apr\u00e8s son aventure avec le MHR, il avait besoin de lever le pied, chose qu\u2019il a faite en Angleterre. Extrait:<\/strong><\/p>\n<p>Quand je suis arriv\u00e9 \u00e0 Montpellier, j\u2019avais 24 ans. Donc 60 matchs avec Montpellier et 30 avec Gloucester plus tard, heureusement que je ne suis plus tout \u00e0 fait le m\u00eame\u00a0(rires). Pour tout vous dire, apr\u00e8s mes saisons \u00e0 Montpellier, j\u2019avais tellement jou\u00e9 que mon corps me demandait un peu de repos. Je pense que, sur ce point, revenir en Angleterre m\u2019a permis de faire du frais. Et je sens comme un renouveau. Dans la t\u00eate, dans le corps. <\/p>\n<p>Je vais m\u00eame aller plus loin, mais avec un peu de recul, je pense que la blessure au genou m\u2019a fait du bien. C\u2019est dur d\u2019\u00eatre \u00e9loign\u00e9 des terrains sept mois mais il faut comprendre que, depuis mes 18 ans, je n\u2019avais jamais pu me mettre sur le bord de la route. Bath, Montpellier, Gloucester, des matches tous les week-ends\u2026 L\u00e0, j\u2019ai fait du frais, et j\u2019ai plus faim encore.<\/p>\n<p><strong>Il a aussi profiter de son temps en Angleterre pour profiter des siens et se refaire une sant\u00e9. Extrait:<\/strong><\/p>\n<p>Est-ce que je voulais \u00eatre bless\u00e9? Non. Mais c\u2019\u00e9tait fait, donc il fallait avancer. Et \u00e7a m\u2019a notamment permis de passer un temps pr\u00e9cieux avec mes enfants, ce qui n\u2019aurait jamais \u00e9t\u00e9 possible sans ma blessure. J\u2019\u00e9tais \u00e0 la maison, je les ai vus grandir bien plus que je ne pouvais l\u2019imaginer. C\u2019\u00e9tait tr\u00e8s sp\u00e9cial. Vous savez, je pense que les choses arrivent pour une raison. Mon corps \u00e9tait fatigu\u00e9, j\u2019avais besoin de passer du temps avec ma famille et, finalement, au sortir de cette blessure, je suis affam\u00e9. Excit\u00e9 de revenir.<\/p>\n","protected":false},"excerpt":{"rendered":"Le troisi\u00e8me ligne international Anglais Zach Mercer est arriv\u00e9 su les bords de la Rade cet \u00e9t\u00e9. L\u2019ancien&hellip;\n","protected":false},"author":2,"featured_media":311486,"comment_status":"","ping_status":"","sticky":false,"template":"","format":"standard","meta":{"footnotes":""},"categories":[9619],"tags":[1111,11,1777,674,1011,27,12,882,25,2310],"class_list":{"0":"post-311485","1":"post","2":"type-post","3":"status-publish","4":"format-standard","5":"has-post-thumbnail","7":"category-toulon","8":"tag-actu","9":"tag-actualites","10":"tag-eu","11":"tag-europe","12":"tag-fr","13":"tag-france","14":"tag-news","15":"tag-provence-alpes-cote-dazur","16":"tag-republique-francaise","17":"tag-toulon"},"share_on_mastodon":{"url":"https:\/\/pubeurope.com\/@fr\/115009927495114794","error":""},"_links":{"self":[{"href":"https:\/\/www.europesays.com\/fr\/wp-json\/wp\/v2\/posts\/311485","targetHints":{"allow":["GET"]}}],"collection":[{"href":"https:\/\/www.europesays.com\/fr\/wp-json\/wp\/v2\/posts"}],"about":[{"href":"https:\/\/www.europesays.com\/fr\/wp-json\/wp\/v2\/types\/post"}],"author":[{"embeddable":true,"href":"https:\/\/www.europesays.com\/fr\/wp-json\/wp\/v2\/users\/2"}],"replies":[{"embeddable":true,"href":"https:\/\/www.europesays.com\/fr\/wp-json\/wp\/v2\/comments?post=311485"}],"version-history":[{"count":0,"href":"https:\/\/www.europesays.com\/fr\/wp-json\/wp\/v2\/posts\/311485\/revisions"}],"wp:featuredmedia":[{"embeddable":true,"href":"https:\/\/www.europesays.com\/fr\/wp-json\/wp\/v2\/media\/311486"}],"wp:attachment":[{"href":"https:\/\/www.europesays.com\/fr\/wp-json\/wp\/v2\/media?parent=311485"}],"wp:term":[{"taxonomy":"category","embeddable":true,"href":"https:\/\/www.europesays.com\/fr\/wp-json\/wp\/v2\/categories?post=311485"},{"taxonomy":"post_tag","embeddable":true,"href":"https:\/\/www.europesays.com\/fr\/wp-json\/wp\/v2\/tags?post=311485"}],"curies":[{"name":"wp","href":"https:\/\/api.w.org\/{rel}","templated":true}]}}