{"id":311492,"date":"2025-08-11T11:41:19","date_gmt":"2025-08-11T11:41:19","guid":{"rendered":"https:\/\/www.europesays.com\/fr\/311492\/"},"modified":"2025-08-11T11:41:19","modified_gmt":"2025-08-11T11:41:19","slug":"soupconne-de-tirer-en-lair-avec-un-fusil-de-chasse-il-est-arrete","status":"publish","type":"post","link":"https:\/\/www.europesays.com\/fr\/311492\/","title":{"rendered":"soup\u00e7onn\u00e9 de tirer en l&rsquo;air avec un fusil de chasse, il est arr\u00eat\u00e9"},"content":{"rendered":"<p>\t\t\t\t\t\t\t\t\t\t\t<img loading=\"lazy\" decoding=\"async\" width=\"1110\" title=\"Grenoble : soup\u00e7onn\u00e9 de tirer en l'air avec un fusil de chasse, il est arr\u00eat\u00e9\" class=\"img-fluid  mb-3\" src=\"https:\/\/grandgrenoble.alpes1.com\/media\/news\/thumb\/1110x624_grenoble-soupconne-de-tirer-en-l-air-avec-un-fusil-de-chasse-il-est-arrete_689858b8c4c44.webp\" alt=\"Grenoble : soup\u00e7onn\u00e9 de tirer en l'air avec un fusil de chasse, il est arr\u00eat\u00e9\" itemprop=\"image\" height=\"624\"\/>\t\t\t\t\t\t\t\t\t\t\t\t<\/p>\n<p>Grenoble : soup\u00e7onn\u00e9 de tirer en l&rsquo;air avec un fusil de chasse, il est arr\u00eat\u00e9 &#8211; DR<\/p>\n<p itemprop=\"description\"><strong>Ce samedi matin, le r\u00e9veil a \u00e9t\u00e9 brutal pour plusieurs habitants de la rue Pierre-Semard \u00e0 Grenoble.<\/strong><\/p>\n<p>Des d\u00e9tonations ressemblant \u00e0 des coups de feu ont tir\u00e9 du lit bon nombre d&rsquo;entre eux, et certains ont rapidement appel\u00e9 la police, craignant le pire.<\/p>\n<p>Arriv\u00e9s sur place, les fonctionnaires ont interpell\u00e9 l&rsquo;homme ivre qui leur avait \u00e9t\u00e9 d\u00e9crit par les riverains. Il a \u00e9t\u00e9 plac\u00e9 en garde \u00e0 vue.<\/p>\n<p>Son fusil de chasse, aper\u00e7u par des t\u00e9moins, n&rsquo;a toutefois pas \u00e9t\u00e9 retrouv\u00e9.<\/p>\n<p>Aucun bless\u00e9 n&rsquo;est \u00e0 d\u00e9plorer.<\/p>\n","protected":false},"excerpt":{"rendered":"Grenoble : soup\u00e7onn\u00e9 de tirer en l&rsquo;air avec un fusil de chasse, il est arr\u00eat\u00e9 &#8211; DR Ce&hellip;\n","protected":false},"author":2,"featured_media":311493,"comment_status":"","ping_status":"","sticky":false,"template":"","format":"standard","meta":{"footnotes":""},"categories":[9566],"tags":[1111,11,7733,8279,2430,7736,650,7734,2889,2263,1777,674,1011,27,2731,8280,6417,1114,108,4662,12,3725,1825,25,7737],"class_list":{"0":"post-311492","1":"post","2":"type-post","3":"status-publish","4":"format-standard","5":"has-post-thumbnail","7":"category-grenoble","8":"tag-actu","9":"tag-actualites","10":"tag-alpes","11":"tag-alpes1","12":"tag-auvergne-rhone-alpes","13":"tag-cds","14":"tag-cinema","15":"tag-ecoute","16":"tag-emission","17":"tag-equipe","18":"tag-eu","19":"tag-europe","20":"tag-fr","21":"tag-france","22":"tag-grenoble","23":"tag-haute","24":"tag-information","25":"tag-infos","26":"tag-isere","27":"tag-journal","28":"tag-news","29":"tag-podcast","30":"tag-radio","31":"tag-republique-francaise","32":"tag-winamp"},"share_on_mastodon":{"url":"https:\/\/pubeurope.com\/@fr\/115009951111549983","error":""},"_links":{"self":[{"href":"https:\/\/www.europesays.com\/fr\/wp-json\/wp\/v2\/posts\/311492","targetHints":{"allow":["GET"]}}],"collection":[{"href":"https:\/\/www.europesays.com\/fr\/wp-json\/wp\/v2\/posts"}],"about":[{"href":"https:\/\/www.europesays.com\/fr\/wp-json\/wp\/v2\/types\/post"}],"author":[{"embeddable":true,"href":"https:\/\/www.europesays.com\/fr\/wp-json\/wp\/v2\/users\/2"}],"replies":[{"embeddable":true,"href":"https:\/\/www.europesays.com\/fr\/wp-json\/wp\/v2\/comments?post=311492"}],"version-history":[{"count":0,"href":"https:\/\/www.europesays.com\/fr\/wp-json\/wp\/v2\/posts\/311492\/revisions"}],"wp:featuredmedia":[{"embeddable":true,"href":"https:\/\/www.europesays.com\/fr\/wp-json\/wp\/v2\/media\/311493"}],"wp:attachment":[{"href":"https:\/\/www.europesays.com\/fr\/wp-json\/wp\/v2\/media?parent=311492"}],"wp:term":[{"taxonomy":"category","embeddable":true,"href":"https:\/\/www.europesays.com\/fr\/wp-json\/wp\/v2\/categories?post=311492"},{"taxonomy":"post_tag","embeddable":true,"href":"https:\/\/www.europesays.com\/fr\/wp-json\/wp\/v2\/tags?post=311492"}],"curies":[{"name":"wp","href":"https:\/\/api.w.org\/{rel}","templated":true}]}}