{"id":311494,"date":"2025-08-11T11:42:13","date_gmt":"2025-08-11T11:42:13","guid":{"rendered":"https:\/\/www.europesays.com\/fr\/311494\/"},"modified":"2025-08-11T11:42:13","modified_gmt":"2025-08-11T11:42:13","slug":"grenoble-soffre-un-deuxieme-ligne-de-lusap","status":"publish","type":"post","link":"https:\/\/www.europesays.com\/fr\/311494\/","title":{"rendered":"Grenoble s\u2019offre un deuxi\u00e8me-ligne de l\u2019USAP !"},"content":{"rendered":"<p>Un joli coup en vue pour Grenoble. Ces derni\u00e8res semaines, le FCG \u00e9tait d\u00e9sesp\u00e9r\u00e9ment \u00e0 la recherche d\u2019un deuxi\u00e8me-ligne pour venir densifier son pack et leur permettre de r\u00eaver enfin \u00e0 une monter en Top 14 apr\u00e8s plusieurs \u00e9checs cons\u00e9cutifs en finale. Dans un premier temps, ils avaient jet\u00e9 leur d\u00e9volu sur James Fender, retenu par la F\u00e9d\u00e9ration galloise, comme le rapporte <a href=\"https:\/\/www.rugbyrama.fr\/2025\/08\/10\/exclu-midol-transferts-le-fc-grenoble-soffre-un-perpignanais-en-pret-12868988.php\" rel=\"nofollow noopener\" target=\"_blank\">Rugbyrama<\/a>.<\/p>\n<p>Labouteley va rejoindre Grenoble<\/p>\n<p>Ils avaient ensuite tent\u00e9 de s\u2019immiscer dans le dossier Janse Roux, ind\u00e9sirable \u00e0 Brive avant m\u00eame d\u2019y avoir jou\u00e9 mais qui a finalement d\u00e9cid\u00e9 de s\u2019engager avec le LOU. Finalement, Grenoble a r\u00e9ussi \u00e0 trouver un accord avec l\u2019USAP pour le pr\u00eat de Tristan Labouteley.<\/p>\n<p>Plus utilis\u00e9 par Franck Az\u00e9ma, le joueur de 30 ans va rejoindre le FCG sous la forme d\u2019un pr\u00eat. Une fois cette saison termin\u00e9e, un contrat de deux ans l\u2019attend \u00e0 Grenoble.<\/p>\n<p>Apr\u00e8s de nombreuses p\u00e9rip\u00e9ties dans ce dossier, le FC Grenoble a trouv\u00e9 le deuxi\u00e8me ligne qu&rsquo;il recherchait. Et l&rsquo;op\u00e9ration se fera sous la forme d&rsquo;un pr\u00eat.<\/p>\n<p>Partagez cette info avec vos amis et vos proches en cliquant ici<br \/>Pour r\u00e9sumer<\/p>\n<p>Grenoble est parvenu \u00e0 trouver un accord avec l\u2019USAP pour le pr\u00eat d\u2019un deuxi\u00e8me-ligne pour la saison \u00e0 venir. Il devrait ensuite rester en Is\u00e8re pour deux ans. Tristan Labouteley va tenter de se relancer en Pro D2.<\/p>\n<p> <img decoding=\"async\" width=\"76\" height=\"76\" loading=\"lazy\" src=\"https:\/\/www.europesays.com\/fr\/wp-content\/uploads\/2025\/04\/avatar-quinze.png\" alt=\"Arnaud D\u00e9chelotte\"\/><\/p>\n","protected":false},"excerpt":{"rendered":"Un joli coup en vue pour Grenoble. Ces derni\u00e8res semaines, le FCG \u00e9tait d\u00e9sesp\u00e9r\u00e9ment \u00e0 la recherche d\u2019un&hellip;\n","protected":false},"author":2,"featured_media":311495,"comment_status":"","ping_status":"","sticky":false,"template":"","format":"standard","meta":{"footnotes":""},"categories":[9566],"tags":[1111,11,2430,1777,674,1011,27,2731,12,25],"class_list":{"0":"post-311494","1":"post","2":"type-post","3":"status-publish","4":"format-standard","5":"has-post-thumbnail","7":"category-grenoble","8":"tag-actu","9":"tag-actualites","10":"tag-auvergne-rhone-alpes","11":"tag-eu","12":"tag-europe","13":"tag-fr","14":"tag-france","15":"tag-grenoble","16":"tag-news","17":"tag-republique-francaise"},"share_on_mastodon":{"url":"https:\/\/pubeurope.com\/@fr\/115009955109140584","error":""},"_links":{"self":[{"href":"https:\/\/www.europesays.com\/fr\/wp-json\/wp\/v2\/posts\/311494","targetHints":{"allow":["GET"]}}],"collection":[{"href":"https:\/\/www.europesays.com\/fr\/wp-json\/wp\/v2\/posts"}],"about":[{"href":"https:\/\/www.europesays.com\/fr\/wp-json\/wp\/v2\/types\/post"}],"author":[{"embeddable":true,"href":"https:\/\/www.europesays.com\/fr\/wp-json\/wp\/v2\/users\/2"}],"replies":[{"embeddable":true,"href":"https:\/\/www.europesays.com\/fr\/wp-json\/wp\/v2\/comments?post=311494"}],"version-history":[{"count":0,"href":"https:\/\/www.europesays.com\/fr\/wp-json\/wp\/v2\/posts\/311494\/revisions"}],"wp:featuredmedia":[{"embeddable":true,"href":"https:\/\/www.europesays.com\/fr\/wp-json\/wp\/v2\/media\/311495"}],"wp:attachment":[{"href":"https:\/\/www.europesays.com\/fr\/wp-json\/wp\/v2\/media?parent=311494"}],"wp:term":[{"taxonomy":"category","embeddable":true,"href":"https:\/\/www.europesays.com\/fr\/wp-json\/wp\/v2\/categories?post=311494"},{"taxonomy":"post_tag","embeddable":true,"href":"https:\/\/www.europesays.com\/fr\/wp-json\/wp\/v2\/tags?post=311494"}],"curies":[{"name":"wp","href":"https:\/\/api.w.org\/{rel}","templated":true}]}}