{"id":311498,"date":"2025-08-11T11:44:12","date_gmt":"2025-08-11T11:44:12","guid":{"rendered":"https:\/\/www.europesays.com\/fr\/311498\/"},"modified":"2025-08-11T11:44:12","modified_gmt":"2025-08-11T11:44:12","slug":"comment-les-villes-luttent-elles-contre-les-ilots-de-chaleur","status":"publish","type":"post","link":"https:\/\/www.europesays.com\/fr\/311498\/","title":{"rendered":"Comment les villes luttent-elles contre les \u00eelots de chaleur ?"},"content":{"rendered":"<p class=\"article__intro\">Les canicules estivales n&rsquo;\u00e9pargnent plus la Bretagne. Notre r\u00e9gion d\u00e9couvre depuis quelques ann\u00e9es les nuits  \u00ab\u00a0tropicales\u00a0\u00bb aux temp\u00e9ratures proches ou au-dessus des 20 degr\u00e9s. Un ph\u00e9nom\u00e8ne qui n&rsquo;est pas sans cons\u00e9quence pour notre sant\u00e9. Alors, comment lutter contre les \u00eelots de chaleur ? Voici comment agissent les communes de Laill\u00e9 et de Rennes en Ille-et-Vilaine.<\/p>\n<p>\n      L\u2019actu des r\u00e9gions\n    <\/p>\n<p>\n      Chaque jour, un tour d\u2019horizon des principales infos de toutes les r\u00e9gions.\n    <\/p>\n<p>    France T\u00e9l\u00e9visions utilise votre adresse e-mail afin de vous envoyer la newsletter \u00ab\u00a0L\u2019actu des r\u00e9gions\u00a0\u00bb. Vous pouvez vous d\u00e9sinscrire \u00e0 tout moment via le lien en bas de cette newsletter. <a target=\"_blank\" href=\"https:\/\/www.francetelevisions.fr\/groupe\/confidentialite\/politique-de-confidentialite\/politique-de-confidentialite-de-france-televisions-6503\" rel=\"nofollow noopener\">Notre politique de confidentialit\u00e9<\/a><\/p>\n<p>Quand le b\u00e9ton, le bitume et la pierre stockent de la chaleur et la restituent la nuit, cela cr\u00e9e un effet radiateur qui continue de faire grimper les temp\u00e9ratures pendant la nuit. Un ph\u00e9nom\u00e8ne que certaines communes tentent d&rsquo;endiguer, comme Laill\u00e9, situ\u00e9e au sud de Rennes.<\/p>\n<p>Ce village de 5000 habitants a connu, d\u00e9but juillet, des temp\u00e9ratures de pr\u00e8s de 34 degr\u00e9s le jour, et 19 degr\u00e9s la nuit.\u00a0Alors l&rsquo;\u00e9quipe municipale ne m\u00e9nage pas ses efforts pour tenter de rafra\u00eechir les lieux.<\/p>\n<p>\u00ab\u00a0Partout o\u00f9 on a pu mettre des zones de terre en plus des 1,40 m\u00e8tre des pi\u00e9tons, on a v\u00e9g\u00e9talis\u00e9 \u00a0\u00bb explique Fran\u00e7oise Louapre, la maire de Laill\u00e9.<\/p>\n<p>Les trottoirs aussi ont chang\u00e9 de couleur : plus clairs, ils emmagasinent moins la chaleur. \u00a0<\/p>\n<p>Plus loin, ce sont des pieds des maisons qui se v\u00e9g\u00e9talisent : une vingtaine de foyers a accept\u00e9 cet am\u00e9nagement.<\/p>\n<p>\u00ab\u00a0On a creus\u00e9 une bande de 20 cm le long du mur pour qu\u2019on puisse avoir des pieds de murs, d\u00e9taille Olivier Mosset, En aucun cas \u00e7a n\u2019apporte de l\u2019humidit\u00e9 dans le mur, au contraire. Les plantes ont une capacit\u00e9 \u00e0 r\u00e9guler l\u2019humidit\u00e9. \u00c7a participe \u00e0 garder un taux d\u2019humidit\u00e9 constant\u00a0\u00bb argumente celui qui est aussi\u00a0conseiller municipal et agriculteur-mara\u00eecher.<\/p>\n<p>Dans le centre de Rennes, un sp\u00e9cialiste du ph\u00e9nom\u00e8ne des \u00eelots de chaleur le confirme : la v\u00e9g\u00e9tation est notre meilleure alli\u00e9e, surtout la nuit, gr\u00e2ce \u00e0 son \u00e9vapotranspiration.<\/p>\n<p>Pour preuve, les relev\u00e9s de temp\u00e9ratures effectu\u00e9s \u00e0 diff\u00e9rents points de la ville, un matin de juillet vers 7h du matin. Les thermom\u00e8tres affichent alors des temp\u00e9ratures de 17\/18\u00b0 dans le centre-ville, quand ils montrent 3 \u00e0 4\u00b0 de moins au niveau des prairies Saint Martin, situ\u00e9es \u00e0 moins d&rsquo;un kilom\u00e8tre.<\/p>\n<p>Il serait donc possible de dormir au frais, en instaurant certains changements.\u00a0\u00ab\u00a0On a coutume de parler de solutions grises, vertes et bleues\u00a0\u00bb, pr\u00e9sente Vincent Dubreuil, g\u00e9ographe \u00e0 l&rsquo;Universit\u00e9 Rennes 2.\u00a0\u00a0<\/p>\n<p>\u00ab\u00a0La solution grise, c\u2019est jouer sur la couleur des mat\u00e9riaux, \u00e9viter qu\u2019ils absorbent de la chaleur pendant la journ\u00e9e, on va donc plut\u00f4t utiliser des mat\u00e9riaux clairs, d\u00e9taille le sp\u00e9cialiste.\u00a0Les solutions dites bleues, c\u2019est plut\u00f4t la place de l\u2019eau, faire en sorte qu\u2019il y ait davantage d\u2019eau pr\u00e9sente en ville, des fleuves ou de l\u2019eau dans le sol. L\u2019\u00e9vaporation de l\u2019eau limite l\u2019\u00e9l\u00e9vation des temp\u00e9ratures,\u00a0rappelle celui qui est aussi co-pr\u00e9sident du Haut Conseil Breton pour le climat. Enfin les solutions vertes, c\u2019est la place de la v\u00e9g\u00e9tation\u00a0\u00bb.<\/p>\n<p>Ces id\u00e9es, la ville de Rennes s&rsquo;en inspire parfois avec retard. Il y a 7 ans, la place Th\u00e9r\u00e8se Pierre est totalement r\u00e9am\u00e9nag\u00e9e. Mais le r\u00e9sultat est trop min\u00e9ral du go\u00fbt des habitants qui r\u00e9clament davantage d&rsquo;arbres. La demande est entendue et partiellement exauc\u00e9e.<\/p>\n<p>\u00a0\u00ab\u00a0Au d\u00e9but, les porteurs de projet souhaitaient qu\u2019on ait une implantation assez large qui aille jusqu\u2019aux fa\u00e7ades, sauf qu\u2019il faut qu\u2019on garde l\u2019acc\u00e8s aux b\u00e2timents, que les commerces gardent une certaine visibilit\u00e9. On a tout un ensemble de crit\u00e8res \u00e0 prendre en compte\u00a0\u00bb argumente Bruno Laperche, concepteur paysagiste \u00e0 la Direction des Jardins de Rennes.<\/p>\n<p>\u00c9chaud\u00e9e par les critiques des habitants, la Ville a voulu mettre le paquet dans ses derni\u00e8res r\u00e9alisations, comme celle de la place Saint-Germain.<\/p>\n<p>Avec ses jets d&rsquo;eau en circuit ferm\u00e9, et ses 11 arbres plant\u00e9s dans des fosses souterraines., l&rsquo;am\u00e9nagement de la place, situ\u00e9e juste au-dessus du m\u00e9tro, a co\u00fbt\u00e9 4,5 millions d&rsquo;euros.<\/p>\n<p>\u00ab\u00a0Ce sont des arbres qui pourront faire demain pr\u00e8s de 10 m\u00e8tres de circonf\u00e9rence, et 15 m\u00e8tres de haut, explique Marc Herv\u00e9. Simplement, au sol, il a fallu faire avec un certain nombre de contraintes, notamment celui d\u2019\u00eatre sur la \u00ab\u00a0bo\u00eete m\u00e9tro\u00a0\u00bb avec du b\u00e9ton qui affleure \u00e0 1,5 m ou 2 m sous nos pieds, et qui rend les choses plus complexes\u00a0\u00bb rappelle le premier adjoint \u00e0 l&rsquo;urbanisme de la ville de Rennes.<\/p>\n<p>Les arbres apportent de l&rsquo;ombre la journ\u00e9e, et surtout de la fra\u00eecheur la nuit. Ils sont donc irrempla\u00e7ables. Malheureusement ils ne sont pas tous en grande forme. Certains sont m\u00eame condamn\u00e9s \u00e0 court terme.<\/p>\n<p>\u00ab\u00a0Le plus embl\u00e9matique de nos arbres dans nos paysages, c&rsquo;est le ch\u00eane p\u00e9doncul\u00e9, rapporte Jean Nabucet, g\u00e9ographe \u00e0 l&rsquo;Universit\u00e9 Rennes 2, or c\u2019est une des esp\u00e8ces qui pr\u00e9sente des fragilit\u00e9s tr\u00e8s marqu\u00e9es depuis quelques ann\u00e9es et qui a tendance \u00e0 s\u2019exacerber avec les vagues de chaleurs, commente le chercheur du CNRS.<\/p>\n<p>Pour examiner la r\u00e9sistance des arbres, Jean Nabucet et des confr\u00e8res chercheurs travaillent avec leurs confr\u00e8res de Toulouse. Car c&rsquo;est un climat similaire qui s&rsquo;annonce en Ille-et-Vilaine d&rsquo;ici \u00e0 quelques d&rsquo;ann\u00e9es.<\/p>\n<p><strong>(Avec Myriam Thi\u00e9baut)<\/strong><\/p>\n","protected":false},"excerpt":{"rendered":"Les canicules estivales n&rsquo;\u00e9pargnent plus la Bretagne. Notre r\u00e9gion d\u00e9couvre depuis quelques ann\u00e9es les nuits \u00ab\u00a0tropicales\u00a0\u00bb aux temp\u00e9ratures&hellip;\n","protected":false},"author":2,"featured_media":311499,"comment_status":"","ping_status":"","sticky":false,"template":"","format":"standard","meta":{"footnotes":""},"categories":[2821],"tags":[1111,11,829,1777,674,1011,27,12,584,25],"class_list":{"0":"post-311498","1":"post","2":"type-post","3":"status-publish","4":"format-standard","5":"has-post-thumbnail","7":"category-rennes","8":"tag-actu","9":"tag-actualites","10":"tag-bretagne","11":"tag-eu","12":"tag-europe","13":"tag-fr","14":"tag-france","15":"tag-news","16":"tag-rennes","17":"tag-republique-francaise"},"share_on_mastodon":{"url":"https:\/\/pubeurope.com\/@fr\/115009962850710648","error":""},"_links":{"self":[{"href":"https:\/\/www.europesays.com\/fr\/wp-json\/wp\/v2\/posts\/311498","targetHints":{"allow":["GET"]}}],"collection":[{"href":"https:\/\/www.europesays.com\/fr\/wp-json\/wp\/v2\/posts"}],"about":[{"href":"https:\/\/www.europesays.com\/fr\/wp-json\/wp\/v2\/types\/post"}],"author":[{"embeddable":true,"href":"https:\/\/www.europesays.com\/fr\/wp-json\/wp\/v2\/users\/2"}],"replies":[{"embeddable":true,"href":"https:\/\/www.europesays.com\/fr\/wp-json\/wp\/v2\/comments?post=311498"}],"version-history":[{"count":0,"href":"https:\/\/www.europesays.com\/fr\/wp-json\/wp\/v2\/posts\/311498\/revisions"}],"wp:featuredmedia":[{"embeddable":true,"href":"https:\/\/www.europesays.com\/fr\/wp-json\/wp\/v2\/media\/311499"}],"wp:attachment":[{"href":"https:\/\/www.europesays.com\/fr\/wp-json\/wp\/v2\/media?parent=311498"}],"wp:term":[{"taxonomy":"category","embeddable":true,"href":"https:\/\/www.europesays.com\/fr\/wp-json\/wp\/v2\/categories?post=311498"},{"taxonomy":"post_tag","embeddable":true,"href":"https:\/\/www.europesays.com\/fr\/wp-json\/wp\/v2\/tags?post=311498"}],"curies":[{"name":"wp","href":"https:\/\/api.w.org\/{rel}","templated":true}]}}