{"id":31150,"date":"2025-04-17T07:44:19","date_gmt":"2025-04-17T07:44:19","guid":{"rendered":"https:\/\/www.europesays.com\/fr\/31150\/"},"modified":"2025-04-17T07:44:19","modified_gmt":"2025-04-17T07:44:19","slug":"un-pieton-qui-marchait-sur-la-quatre-voies-fauche-par-un-poids-lourd","status":"publish","type":"post","link":"https:\/\/www.europesays.com\/fr\/31150\/","title":{"rendered":"Un pi\u00e9ton qui marchait sur la quatre voies fauch\u00e9 par un poids lourd"},"content":{"rendered":"<p>Les pompiers ont \u00e9t\u00e9 appel\u00e9s pour un grave <a href=\"https:\/\/www.20minutes.fr\/dossier\/accident_de_la_route\" class=\"color-ultramarine c-link\" target=\"_blank\" rel=\"noopener\">accident de la route<\/a> ce mercredi matin \u00e0 8h30 \u00e0 hauteur de la commune de Pac\u00e9, \u00e0 l\u2019ouest de <a href=\"https:\/\/www.20minutes.fr\/rennes\/\" class=\"color-ultramarine c-link\" target=\"_blank\" rel=\"noopener\">Rennes<\/a>. Un pi\u00e9ton qui se trouvait sur la quatre voies a \u00e9t\u00e9 fauch\u00e9 par un poids lourd qui circulait sur la RN12 en direction de Saint-Brieuc. D\u2019apr\u00e8s les premi\u00e8res constatations, l\u2019homme \u00e2g\u00e9 de 56 ans marchait sur l\u2019axe routier, sans que l\u2019on ne sache encore pourquoi. L\u2019accident s\u2019est produit \u00e0 hauteur du pont de Pac\u00e9.<\/p>\n<p>A leur arriv\u00e9e sur place, les pompiers ont d\u00e9couvert l\u2019homme en arr\u00eat cardio-respiratoire. Malgr\u00e9 <a href=\"https:\/\/www.ouest-france.fr\/societe\/faits-divers\/guide-par-les-secours-au-telephone-il-reanime-sa-petite-sur-de-12-ans-avec-un-massage-cardiaque-ff74bb66-0572-11f0-905b-6e7ca09b821c\" rel=\"nofollow noopener\" target=\"_blank\" class=\"color-ultramarine c-link\">les tentatives de r\u00e9animation<\/a>, le pi\u00e9ton est d\u00e9c\u00e9d\u00e9. Le conducteur du poids lourd, choqu\u00e9, a \u00e9t\u00e9 pris en charge par les secours.<\/p>\n<p>Une d\u00e9viation mise en place<\/p>\n<p>Cet accident a occasionn\u00e9 d\u2019importants embouteillages sur l\u2019axe reliant Rennes \u00e0 Saint-Brieuc. La circulation a \u00e9t\u00e9 coup\u00e9e et une d\u00e9viation a \u00e9t\u00e9 mise en place.<\/p>\n","protected":false},"excerpt":{"rendered":"Les pompiers ont \u00e9t\u00e9 appel\u00e9s pour un grave accident de la route ce mercredi matin \u00e0 8h30 \u00e0&hellip;\n","protected":false},"author":2,"featured_media":31151,"comment_status":"","ping_status":"","sticky":false,"template":"","format":"standard","meta":{"footnotes":""},"categories":[2821],"tags":[119,4376,1111,47,11,829,2171,1777,674,118,7641,1011,27,848,12,10636,10635,584,25,4937],"class_list":{"0":"post-31150","1":"post","2":"type-post","3":"status-publish","4":"format-standard","5":"has-post-thumbnail","7":"category-rennes","8":"tag-accident","9":"tag-accident-de-la-route","10":"tag-actu","11":"tag-actualite","12":"tag-actualites","13":"tag-bretagne","14":"tag-cotes-darmor","15":"tag-eu","16":"tag-europe","17":"tag-faits-divers","18":"tag-faits-divers-rennes","19":"tag-fr","20":"tag-france","21":"tag-ille-et-vilaine","22":"tag-news","23":"tag-pietons","24":"tag-poids-lourd","25":"tag-rennes","26":"tag-republique-francaise","27":"tag-saint-brieuc"},"share_on_mastodon":{"url":"https:\/\/pubeurope.com\/@fr\/114352191155470293","error":""},"_links":{"self":[{"href":"https:\/\/www.europesays.com\/fr\/wp-json\/wp\/v2\/posts\/31150","targetHints":{"allow":["GET"]}}],"collection":[{"href":"https:\/\/www.europesays.com\/fr\/wp-json\/wp\/v2\/posts"}],"about":[{"href":"https:\/\/www.europesays.com\/fr\/wp-json\/wp\/v2\/types\/post"}],"author":[{"embeddable":true,"href":"https:\/\/www.europesays.com\/fr\/wp-json\/wp\/v2\/users\/2"}],"replies":[{"embeddable":true,"href":"https:\/\/www.europesays.com\/fr\/wp-json\/wp\/v2\/comments?post=31150"}],"version-history":[{"count":0,"href":"https:\/\/www.europesays.com\/fr\/wp-json\/wp\/v2\/posts\/31150\/revisions"}],"wp:featuredmedia":[{"embeddable":true,"href":"https:\/\/www.europesays.com\/fr\/wp-json\/wp\/v2\/media\/31151"}],"wp:attachment":[{"href":"https:\/\/www.europesays.com\/fr\/wp-json\/wp\/v2\/media?parent=31150"}],"wp:term":[{"taxonomy":"category","embeddable":true,"href":"https:\/\/www.europesays.com\/fr\/wp-json\/wp\/v2\/categories?post=31150"},{"taxonomy":"post_tag","embeddable":true,"href":"https:\/\/www.europesays.com\/fr\/wp-json\/wp\/v2\/tags?post=31150"}],"curies":[{"name":"wp","href":"https:\/\/api.w.org\/{rel}","templated":true}]}}