{"id":311504,"date":"2025-08-11T11:49:10","date_gmt":"2025-08-11T11:49:10","guid":{"rendered":"https:\/\/www.europesays.com\/fr\/311504\/"},"modified":"2025-08-11T11:49:10","modified_gmt":"2025-08-11T11:49:10","slug":"pres-de-nice-sur-le-bord-de-la-route-quatre-jeunes-se-font-renverser-par-une-voiture","status":"publish","type":"post","link":"https:\/\/www.europesays.com\/fr\/311504\/","title":{"rendered":"Pr\u00e8s de Nice. Sur le bord de la route, quatre jeunes se font renverser par une voiture"},"content":{"rendered":"<p>            Par<br \/>\n        <strong><br \/>\n            <a href=\"https:\/\/actu.fr\/auteur\/ugo-maillard\" title=\"Consulter tous les articles de Ugo Maillard\" rel=\"nofollow noopener\" target=\"_blank\">Ugo Maillard<\/a><br \/>\n        <\/strong><\/p>\n<p>        Publi\u00e9 le<\/p>\n<p>            11 ao\u00fbt 2025 \u00e0 13h41        <\/p>\n<p>Un violent accident de la route s\u2019est produit dans la nuit du samedi\u00a09 au dimanche 10\u00a0ao\u00fbt 2025, sur la commune de Saint-Blaise, dans les <a href=\"https:\/\/actu.fr\/provence-alpes-cote-d-azur\/alpes-maritimes_06\" rel=\"nofollow noopener\" target=\"_blank\">Alpes-Maritimes<\/a>.<\/p>\n<p class=\" wall-content\">Il \u00e9tait aux alentours de 2h lorsque quatre jeunes hommes se stationnent sur le bas-c\u00f4t\u00e9 de la <strong>route de Grenoble<\/strong> pour changer une roue.<\/p>\n<p>    <a href=\"https:\/\/www.google.com\/maps\/embed?pb=!1m18!1m12!1m3!1d1144321.1803521132!2d5.870059975745414!3d44.44042593401971!2m3!1f0!2f0!3f0!3m2!1i1024!2i768!4f13.1!3m3!1m2!1s0x12cdd10fac590c8b%3A0x14fd81ac287456a9!2sRte%20de%20Grenoble!5e0!3m2!1sfr!2sfr!4v1754905638854!5m2!1sfr!2sfr\" title=\"Ouvrie le lien\" rel=\"nofollow noopener\" target=\"_blank\">Cliquez ici pour visualiser le contenu<\/a><\/p>\n<p class=\" wall-content\">Selon les informations des sapeurs-pompiers communiqu\u00e9s \u00e0 <a href=\"https:\/\/actu.fr\/nice\/\" rel=\"nofollow noopener\" target=\"_blank\">actu Nice<\/a>, cinq personnes ont \u00e9t\u00e9 prises en charge apr\u00e8s avoir \u00e9t\u00e9 percut\u00e9es par une voiture. Trois hommes d\u2019environ 20\u00a0ans ont \u00e9t\u00e9 <strong>gravement bless\u00e9s<\/strong> et transport\u00e9s vers le CHU Pasteur II.<\/p>\n<p class=\" wall-content\">Un autre homme de 30\u00a0ans a \u00e9t\u00e9 l\u00e9g\u00e8rement bless\u00e9 tandis que le conducteur du v\u00e9hicule, \u00e2g\u00e9 lui aussi d\u2019une trentaine d\u2019ann\u00e9es, est sorti <strong>indemne du choc<\/strong>.<\/p>\n<p>Le conducteur positif \u00e0 la coca\u00efne<\/p>\n<p class=\" wall-content\">Hormis le d\u00e9ploiement massif des pompiers avec plus de 20 secouristes engag\u00e9s, les gendarmes des Alpes-Maritimes \u00e9taient \u00e9galement sur les lieux de l\u2019accident.<\/p>\n<p class=\" wall-content\">Le conducteur du v\u00e9hicule qui a percut\u00e9 les quatre amis a \u00e9t\u00e9 plac\u00e9 en garde \u00e0 vue. D\u2019apr\u00e8s les informations de <a href=\"https:\/\/www.nicematin.com\/faits-divers\/apres-avoir-percute-des-jeunes-qui-changeaient-une-roue-le-chauffard-sous-coke-et-alcool-frappe-un-gendarme-en-garde-a-vue-997643\" rel=\"nofollow noopener\" target=\"_blank\">Nice Matin<\/a>, confirm\u00e9es \u00e0 notre r\u00e9daction, l\u2019individu \u00e2g\u00e9 de 33\u00a0ans \u00e9tait <strong>positif \u00e0 la coca\u00efne et \u00e0 l\u2019alcool<\/strong>.<\/p>\n<p class=\" wall-content\">Toujours selon nos confr\u00e8res, il aurait <strong>frapp\u00e9 un gendarme durant sa garde \u00e0 vu<\/strong>e. Garde \u00e0 vue qui est toujours en cours ce lundi.<\/p>\n<p class=\" wall-content\">Suivez toute l\u2019actualit\u00e9 de vos villes et m\u00e9dias favoris en vous inscrivant \u00e0 <a href=\"https:\/\/moncompte.actu.fr\" title=\"D\u00e9couvez Mon Actu\" rel=\"nofollow noopener\" data-trk=\"{&quot;cta&quot;:{&quot;action&quot;:&quot;https:\\\/\\\/moncompte.actu.fr&quot;,&quot;category&quot;:&quot;mon compte&quot;,&quot;from&quot;:&quot;article footer&quot;,&quot;name&quot;:&quot;Mon actu&quot;,&quot;type&quot;:&quot;cta&quot;}}\" target=\"_blank\">Mon Actu<\/a>.<\/p>\n","protected":false},"excerpt":{"rendered":"Par Ugo Maillard Publi\u00e9 le 11 ao\u00fbt 2025 \u00e0 13h41 Un violent accident de la route s\u2019est produit&hellip;\n","protected":false},"author":2,"featured_media":311505,"comment_status":"","ping_status":"","sticky":false,"template":"","format":"standard","meta":{"footnotes":""},"categories":[2819],"tags":[119,1111,11,1777,674,118,1011,27,12,2401,1311,882,25],"class_list":{"0":"post-311504","1":"post","2":"type-post","3":"status-publish","4":"format-standard","5":"has-post-thumbnail","7":"category-nice","8":"tag-accident","9":"tag-actu","10":"tag-actualites","11":"tag-eu","12":"tag-europe","13":"tag-faits-divers","14":"tag-fr","15":"tag-france","16":"tag-news","17":"tag-nice","18":"tag-pompiers","19":"tag-provence-alpes-cote-dazur","20":"tag-republique-francaise"},"share_on_mastodon":{"url":"https:\/\/pubeurope.com\/@fr\/115009982520174923","error":""},"_links":{"self":[{"href":"https:\/\/www.europesays.com\/fr\/wp-json\/wp\/v2\/posts\/311504","targetHints":{"allow":["GET"]}}],"collection":[{"href":"https:\/\/www.europesays.com\/fr\/wp-json\/wp\/v2\/posts"}],"about":[{"href":"https:\/\/www.europesays.com\/fr\/wp-json\/wp\/v2\/types\/post"}],"author":[{"embeddable":true,"href":"https:\/\/www.europesays.com\/fr\/wp-json\/wp\/v2\/users\/2"}],"replies":[{"embeddable":true,"href":"https:\/\/www.europesays.com\/fr\/wp-json\/wp\/v2\/comments?post=311504"}],"version-history":[{"count":0,"href":"https:\/\/www.europesays.com\/fr\/wp-json\/wp\/v2\/posts\/311504\/revisions"}],"wp:featuredmedia":[{"embeddable":true,"href":"https:\/\/www.europesays.com\/fr\/wp-json\/wp\/v2\/media\/311505"}],"wp:attachment":[{"href":"https:\/\/www.europesays.com\/fr\/wp-json\/wp\/v2\/media?parent=311504"}],"wp:term":[{"taxonomy":"category","embeddable":true,"href":"https:\/\/www.europesays.com\/fr\/wp-json\/wp\/v2\/categories?post=311504"},{"taxonomy":"post_tag","embeddable":true,"href":"https:\/\/www.europesays.com\/fr\/wp-json\/wp\/v2\/tags?post=311504"}],"curies":[{"name":"wp","href":"https:\/\/api.w.org\/{rel}","templated":true}]}}