{"id":311506,"date":"2025-08-11T11:50:13","date_gmt":"2025-08-11T11:50:13","guid":{"rendered":"https:\/\/www.europesays.com\/fr\/311506\/"},"modified":"2025-08-11T11:50:13","modified_gmt":"2025-08-11T11:50:13","slug":"ils-volent-des-colis-dans-un-immeuble-la-police-les-surprend","status":"publish","type":"post","link":"https:\/\/www.europesays.com\/fr\/311506\/","title":{"rendered":"ils volent des colis dans un immeuble, la police les surprend"},"content":{"rendered":"<p>            Par<br \/>\n        <strong><br \/>\n            <a href=\"https:\/\/actu.fr\/auteur\/thomas-bernard\" title=\"Consulter tous les articles de Thomas Bernard\" rel=\"nofollow noopener\" target=\"_blank\">Thomas Bernard<\/a><br \/>\n        <\/strong><\/p>\n<p>        Publi\u00e9 le<\/p>\n<p>            11 ao\u00fbt 2025 \u00e0 12h42        <\/p>\n<p>Ils ont \u00e9t\u00e9 appr\u00e9hend\u00e9s la main dans le sac, ou plut\u00f4t dans \u00ab\u2009le colis\u2009\u00bb. Peu apr\u00e8s 20h45, ce <strong>dimanche 10\u00a0ao\u00fbt 2025<\/strong>, la police intervient dans un immeuble suite \u00e0 un appel du voisinage, Avenue de la Lib\u00e9ration \u00e0 <a href=\"https:\/\/actu.fr\/pays-de-la-loire\/reze_44143\" rel=\"nofollow noopener\" target=\"_blank\">Rez\u00e9<\/a>, au sud de Nantes. Des vols de colis ont \u00e9t\u00e9 signal\u00e9s par des r\u00e9sidents.<\/p>\n<p>Des pass PTT<\/p>\n<p class=\" wall-content\">\u00c0 leur arriv\u00e9e, les policiers retrouvent deux hommes, <strong>\u00e2g\u00e9s de 26 et 24\u00a0ans<\/strong>, qui ressortent de la r\u00e9sidence avec des colis sous les bras.<\/p>\n<p class=\" wall-content\">\u00ab\u2009D\u00e8s qu\u2019ils ont \u00e9t\u00e9 rep\u00e9r\u00e9s par les coll\u00e8gues, l\u2019un des deux mis en cause a l\u00e2ch\u00e9 un pass PTT\u2009\u00bb, explique une source polici\u00e8re au commissariat central de Nantes. Les suspects ont \u00e9t\u00e9 interpell\u00e9s, rue Jean Jaur\u00e8s, \u00e0 quelques m\u00e8tres de l\u2019immeuble concern\u00e9.<\/p>\n<p class=\" wall-content\">Les pass PTT sont des cl\u00e9s passe-partout permettant d\u2019ouvrir toutes les bo\u00eetes aux lettres. Un des deux hommes se d\u00e9laisse de deux autres pass PTT lors de son arriv\u00e9e au commissariat.<\/p>\n<p class=\" wall-content\">Les policiers retrouvent des colis vol\u00e9s mais aussi des \u00ab\u2009oreillettes sans fil\u2009\u00bb. Les mis en cause sont suspect\u00e9s d\u2019avoir r\u00e9alis\u00e9 leurs vols dans deux r\u00e9sidences. Les deux individus ont \u00e9t\u00e9 plac\u00e9s en garde \u00e0 vue.<\/p>\n<p class=\" wall-content\">Suivez toute l\u2019actualit\u00e9 de vos villes et m\u00e9dias favoris en vous inscrivant \u00e0 <a href=\"https:\/\/moncompte.actu.fr\" title=\"D\u00e9couvez Mon Actu\" rel=\"nofollow noopener\" data-trk=\"{&quot;cta&quot;:{&quot;action&quot;:&quot;https:\\\/\\\/moncompte.actu.fr&quot;,&quot;category&quot;:&quot;mon compte&quot;,&quot;from&quot;:&quot;article footer&quot;,&quot;name&quot;:&quot;Mon actu&quot;,&quot;type&quot;:&quot;cta&quot;}}\" target=\"_blank\">Mon Actu<\/a>.<\/p>\n","protected":false},"excerpt":{"rendered":"Par Thomas Bernard Publi\u00e9 le 11 ao\u00fbt 2025 \u00e0 12h42 Ils ont \u00e9t\u00e9 appr\u00e9hend\u00e9s la main dans le&hellip;\n","protected":false},"author":2,"featured_media":311507,"comment_status":"","ping_status":"","sticky":false,"template":"","format":"standard","meta":{"footnotes":""},"categories":[2818],"tags":[1111,11,1777,674,118,1011,27,766,12,2636,1072,25],"class_list":{"0":"post-311506","1":"post","2":"type-post","3":"status-publish","4":"format-standard","5":"has-post-thumbnail","7":"category-nantes","8":"tag-actu","9":"tag-actualites","10":"tag-eu","11":"tag-europe","12":"tag-faits-divers","13":"tag-fr","14":"tag-france","15":"tag-nantes","16":"tag-news","17":"tag-pays-de-la-loire","18":"tag-police","19":"tag-republique-francaise"},"share_on_mastodon":{"url":"https:\/\/pubeurope.com\/@fr\/115009986524399253","error":""},"_links":{"self":[{"href":"https:\/\/www.europesays.com\/fr\/wp-json\/wp\/v2\/posts\/311506","targetHints":{"allow":["GET"]}}],"collection":[{"href":"https:\/\/www.europesays.com\/fr\/wp-json\/wp\/v2\/posts"}],"about":[{"href":"https:\/\/www.europesays.com\/fr\/wp-json\/wp\/v2\/types\/post"}],"author":[{"embeddable":true,"href":"https:\/\/www.europesays.com\/fr\/wp-json\/wp\/v2\/users\/2"}],"replies":[{"embeddable":true,"href":"https:\/\/www.europesays.com\/fr\/wp-json\/wp\/v2\/comments?post=311506"}],"version-history":[{"count":0,"href":"https:\/\/www.europesays.com\/fr\/wp-json\/wp\/v2\/posts\/311506\/revisions"}],"wp:featuredmedia":[{"embeddable":true,"href":"https:\/\/www.europesays.com\/fr\/wp-json\/wp\/v2\/media\/311507"}],"wp:attachment":[{"href":"https:\/\/www.europesays.com\/fr\/wp-json\/wp\/v2\/media?parent=311506"}],"wp:term":[{"taxonomy":"category","embeddable":true,"href":"https:\/\/www.europesays.com\/fr\/wp-json\/wp\/v2\/categories?post=311506"},{"taxonomy":"post_tag","embeddable":true,"href":"https:\/\/www.europesays.com\/fr\/wp-json\/wp\/v2\/tags?post=311506"}],"curies":[{"name":"wp","href":"https:\/\/api.w.org\/{rel}","templated":true}]}}