{"id":311508,"date":"2025-08-11T11:51:20","date_gmt":"2025-08-11T11:51:20","guid":{"rendered":"https:\/\/www.europesays.com\/fr\/311508\/"},"modified":"2025-08-11T11:51:20","modified_gmt":"2025-08-11T11:51:20","slug":"om-psg-fc-nantes-ce-que-le-transfert-de-nkoudou-doit-aussi-leur-rapporter","status":"publish","type":"post","link":"https:\/\/www.europesays.com\/fr\/311508\/","title":{"rendered":"OM, PSG, FC Nantes. Ce que le transfert de N&rsquo;Koudou doit aussi leur rapporter"},"content":{"rendered":"<p><img fetchpriority=\"high\" decoding=\"async\" width=\"1024\" height=\"682\" src=\"https:\/\/www.europesays.com\/fr\/wp-content\/uploads\/2025\/08\/Georges-Kevin-Nkoudou-fond-ecran-wallpaper-7-1024x682.jpg\" alt=\"\" class=\"wp-image-123742\"  \/>Georges-K\u00e9vin Nkoudou \u00e0 Al-Diriyah, un transfert qui rapporte aux clubs qui l\u2019ont form\u00e9.<\/p>\n<p>Georges-K\u00e9vin Nkoudou reste en Arabie Saoudite. Mais l\u2019attaquant international camerounais change de club et de division. Auparavant joueur du Damac FC en Saudi Pro League, il vient de s\u2019engager avec Al-Diriyah Club, pensionnaire de la Saudi First Division League, \u00e0 l\u2019\u00e9tage inf\u00e9rieur. Le transfert est payant, l\u2019indemnit\u00e9 est estim\u00e9e \u00e0 3 millions d\u2019euros.<\/p>\n<p>Form\u00e9 par le PSG, le FC Nantes et l\u2019OM<\/p>\n<p>Conform\u00e9ment au dispositif pr\u00e9vu par la FIFA via son m\u00e9canisme de solidarit\u00e9, une part doit revenir aux clubs qui ont form\u00e9 le natif de Versailles dans ses jeunes ann\u00e9es, entre 12 et 23 ans. Concernant Georges-K\u00e9vin Nkoudou cela vaut pour trois clubs de l\u2019\u00e9lite que sont le <a href=\"https:\/\/sportune.20minutes.fr\/paris-saint-germain-psg\" rel=\"nofollow noopener\" target=\"_blank\">Paris Saint-Germain<\/a> d\u2019abord, le <a href=\"https:\/\/sportune.20minutes.fr\/fc-nantes\" rel=\"nofollow noopener\" target=\"_blank\">FC Nantes<\/a> ensuite et enfin l\u2019<a href=\"https:\/\/sportune.20minutes.fr\/olympique-de-marseille-om\" rel=\"nofollow noopener\" target=\"_blank\">Olympique de Marseille<\/a>.<\/p>\n<p>Aux Canaris la contribution la plus grosse<\/p>\n<p>Au premier, le <a href=\"https:\/\/sportune.20minutes.fr\/paris-saint-germain-psg\" rel=\"nofollow noopener\" target=\"_blank\">PSG<\/a> doit revenir, sur un transfert \u00e0 3 millions d\u2019euros, l\u2019\u00e9quivalent de 24 000 euros. Le <a href=\"https:\/\/sportune.20minutes.fr\/fc-nantes\" rel=\"nofollow noopener\" target=\"_blank\">FC Nantes<\/a>, que le joueur a fr\u00e9quent\u00e9 quatre ans, de la fin de sa formation aux d\u00e9buts chez les pros, va recevoir la plus grosse part, \u00e0 60 000 euros. Et l\u2019<a href=\"https:\/\/sportune.20minutes.fr\/olympique-de-marseille-om\" rel=\"nofollow noopener\" target=\"_blank\">Olympique de Marseille<\/a>, la contribution la plus modeste, \u00e0 15 000 euros, puisque Nkoudou n\u2019a disput\u00e9 qu\u2019une seule saison au club phoc\u00e9en.<\/p>\n","protected":false},"excerpt":{"rendered":"Georges-K\u00e9vin Nkoudou \u00e0 Al-Diriyah, un transfert qui rapporte aux clubs qui l\u2019ont form\u00e9. Georges-K\u00e9vin Nkoudou reste en Arabie&hellip;\n","protected":false},"author":2,"featured_media":311509,"comment_status":"","ping_status":"","sticky":false,"template":"","format":"standard","meta":{"footnotes":""},"categories":[2818],"tags":[1111,11,1777,674,462,1011,27,766,12,149,2636,93,25,969],"class_list":{"0":"post-311508","1":"post","2":"type-post","3":"status-publish","4":"format-standard","5":"has-post-thumbnail","7":"category-nantes","8":"tag-actu","9":"tag-actualites","10":"tag-eu","11":"tag-europe","12":"tag-fc-nantes","13":"tag-fr","14":"tag-france","15":"tag-nantes","16":"tag-news","17":"tag-om","18":"tag-pays-de-la-loire","19":"tag-psg","20":"tag-republique-francaise","21":"tag-transfert"},"share_on_mastodon":{"url":"https:\/\/pubeurope.com\/@fr\/115009990720003787","error":""},"_links":{"self":[{"href":"https:\/\/www.europesays.com\/fr\/wp-json\/wp\/v2\/posts\/311508","targetHints":{"allow":["GET"]}}],"collection":[{"href":"https:\/\/www.europesays.com\/fr\/wp-json\/wp\/v2\/posts"}],"about":[{"href":"https:\/\/www.europesays.com\/fr\/wp-json\/wp\/v2\/types\/post"}],"author":[{"embeddable":true,"href":"https:\/\/www.europesays.com\/fr\/wp-json\/wp\/v2\/users\/2"}],"replies":[{"embeddable":true,"href":"https:\/\/www.europesays.com\/fr\/wp-json\/wp\/v2\/comments?post=311508"}],"version-history":[{"count":0,"href":"https:\/\/www.europesays.com\/fr\/wp-json\/wp\/v2\/posts\/311508\/revisions"}],"wp:featuredmedia":[{"embeddable":true,"href":"https:\/\/www.europesays.com\/fr\/wp-json\/wp\/v2\/media\/311509"}],"wp:attachment":[{"href":"https:\/\/www.europesays.com\/fr\/wp-json\/wp\/v2\/media?parent=311508"}],"wp:term":[{"taxonomy":"category","embeddable":true,"href":"https:\/\/www.europesays.com\/fr\/wp-json\/wp\/v2\/categories?post=311508"},{"taxonomy":"post_tag","embeddable":true,"href":"https:\/\/www.europesays.com\/fr\/wp-json\/wp\/v2\/tags?post=311508"}],"curies":[{"name":"wp","href":"https:\/\/api.w.org\/{rel}","templated":true}]}}