{"id":311512,"date":"2025-08-11T11:53:10","date_gmt":"2025-08-11T11:53:10","guid":{"rendered":"https:\/\/www.europesays.com\/fr\/311512\/"},"modified":"2025-08-11T11:53:10","modified_gmt":"2025-08-11T11:53:10","slug":"une-femme-prevoyait-de-tuer-son-ex-mari-avec-laide-de-son-fils-le-projet-dassassinat-dejoue-de-justesse","status":"publish","type":"post","link":"https:\/\/www.europesays.com\/fr\/311512\/","title":{"rendered":"une femme pr\u00e9voyait de tuer son ex-mari avec l\u2019aide de son fils, le projet d\u2019assassinat d\u00e9jou\u00e9 de justesse"},"content":{"rendered":"<p>Une quinquag\u00e9naire projetait d\u2019assassiner son ex-mari, avec l\u2019aide de son nouveau compagnon et de son fils, venu sp\u00e9cialement de Belgique pour l\u2019occasion.<\/p>\n<p class=\"fig-paragraph\">Un drame familial \u00e9vit\u00e9 in extremis. \u00c0\u00a0<a href=\"http:\/\/www.lefigaro.fr\/bordeaux\/bordeaux-un-homme-sous-oqtf-en-detention-provisoire-apres-avoir-agresse-sexuellement-une-mineure-de-17-ans-dans-le-tramway-20250808\" data-fig-type=\"NewsFlash\" data-gtm-custom-categorie=\"navigation\" data-gtm-custom-action=\"crossclick\" data-gtm-custom-label=\"Contextuel\" data-gtm-event=\"customEventSPE\" data-fig-domain=\"LEFIGARO\" rel=\"nofollow noopener\" target=\"_blank\">Bordeaux<\/a>, d\u2019apr\u00e8s des r\u00e9v\u00e9lations de RMC confirm\u00e9es au Figaro, une femme de 50 ans, ainsi que son fils et\u00a0<a href=\"https:\/\/www.lefigaro.fr\/marseille\/martigues-une-femme-decede-sous-les-coups-de-son-compagnon-20250808?msockid=258c4318a154643d05395665a0ed65f9\" target=\"_blank\" data-fig-type=\"NewsFlash\" rel=\"sponsored noopener nofollow\" data-gtm-custom-categorie=\"navigation\" data-gtm-custom-action=\"crossclick\" data-gtm-custom-label=\"Contextuel\" data-gtm-event=\"customEventSPE\" data-fig-domain=\"LEFIGARO\">son compagnon<\/a>\u00a0ont \u00e9t\u00e9 arr\u00eat\u00e9s alors qu\u2019ils \u00e9taient soup\u00e7onn\u00e9s de pr\u00e9parer le meurtre de l\u2019ex-mari de la quinquag\u00e9naire.<\/p>\n<p class=\"fig-paragraph\">Les faits remontent au dimanche 3 ao\u00fbt, lorsqu\u2019une jeune femme se pr\u00e9sente dans un commissariat parisien. Elle d\u00e9clare que sa m\u00e8re lui a confi\u00e9 vouloir tuer son ancien \u00e9poux. En cause\u00a0: un conflit li\u00e9 \u00e0 un h\u00e9ritage que la femme refusait de partager \u00e0 la suite de son divorce. Selon la plaignante, sa m\u00e8re avait mis sur pied un plan pour pr\u00e9voir le meurtre de son ex-conjoint, et ainsi conserver l\u2019int\u00e9gralit\u00e9 de la somme.<\/p>\n<p>                                    <a class=\"fig-a11y-skip a11y-hidden\" href=\"#fig-a11y-skip-main-inarticle\"><br \/>\n        Passer la publicit\u00e9<br \/>\n    <\/a><\/p>\n<p class=\"fig-paragraph\">Le complot aurait impliqu\u00e9 deux complices\u00a0: le nouveau compagnon de la suspecte, \u00e2g\u00e9 de 52 ans, et le fils de la quinquag\u00e9naire, un jeune homme de 26 ans r\u00e9sidant en Belgique, venu sp\u00e9cialement pour participer au projet criminel.<\/p>\n<p>Un sc\u00e9nario bien \u00e9tabli<\/p>\n<p class=\"fig-paragraph\">Pr\u00e9venue, la division de la criminalit\u00e9 organis\u00e9e et sp\u00e9cialis\u00e9e (DCOS) a rapidement pris l\u2019affaire en main. D\u00e8s le mardi 5 ao\u00fbt, une op\u00e9ration a \u00e9t\u00e9 d\u00e9clench\u00e9e \u00e0 Bordeaux, avec le soutien du\u00a0<a href=\"https:\/\/www.lefigaro.fr\/marseille\/bouches-du-rhone-un-fugitif-recherche-pour-une-tentative-de-meurtre-interpelle-par-le-raid-20250805?msockid=258c4318a154643d05395665a0ed65f9\" target=\"_blank\" data-fig-type=\"NewsFlash\" rel=\"sponsored noopener nofollow\" data-gtm-custom-categorie=\"navigation\" data-gtm-custom-action=\"crossclick\" data-gtm-custom-label=\"Contextuel\" data-gtm-event=\"customEventSPE\" data-fig-domain=\"LEFIGARO\">Raid<\/a>. Les trois suspects ont \u00e9t\u00e9 interpell\u00e9s. Les enqu\u00eateurs affirment que le passage \u00e0 l\u2019acte \u00e9tait imminent\u00a0: un fourgon avait d\u00e9j\u00e0 \u00e9t\u00e9 lou\u00e9 et un sc\u00e9nario semblait en place, pr\u00e9voyant l\u2019enl\u00e8vement de la victime \u00e0 son domicile puis la disparition de son corps dans un lac ou une for\u00eat.<\/p>\n<p class=\"fig-paragraph\">En garde \u00e0 vue, les int\u00e9ress\u00e9s ont reconnu leur intention de s\u2019en prendre \u00e0 l\u2019ex-mari, tout en cherchant \u00e0 att\u00e9nuer leur responsabilit\u00e9. Les actes pr\u00e9paratoires &#8211; rep\u00e9rages, mat\u00e9riel, location du v\u00e9hicule &#8211; ont suffi \u00e0 convaincre la justice de la gravit\u00e9 de la situation.<\/p>\n<p class=\"fig-paragraph\">Le 7 ao\u00fbt, une information judiciaire a \u00e9t\u00e9 ouverte pour tentative d\u2019assassinat et association de malfaiteurs en vue de commettre un crime. Le juge d\u2019instruction du tribunal judiciaire de Bordeaux a mis en examen les trois individus et ordonn\u00e9 leur placement en d\u00e9tention provisoire.<\/p>\n","protected":false},"excerpt":{"rendered":"Une quinquag\u00e9naire projetait d\u2019assassiner son ex-mari, avec l\u2019aide de son nouveau compagnon et de son fils, venu sp\u00e9cialement&hellip;\n","protected":false},"author":2,"featured_media":311513,"comment_status":"","ping_status":"","sticky":false,"template":"","format":"standard","meta":{"footnotes":""},"categories":[2817],"tags":[1111,11,6744,1997,1777,674,1011,27,11632,777,12,2219,25],"class_list":{"0":"post-311512","1":"post","2":"type-post","3":"status-publish","4":"format-standard","5":"has-post-thumbnail","7":"category-bordeaux","8":"tag-actu","9":"tag-actualites","10":"tag-assassinat","11":"tag-bordeaux","12":"tag-eu","13":"tag-europe","14":"tag-fr","15":"tag-france","16":"tag-heritage","17":"tag-meurtre","18":"tag-news","19":"tag-nouvelle-aquitaine","20":"tag-republique-francaise"},"share_on_mastodon":{"url":"https:\/\/pubeurope.com\/@fr\/115009998440494639","error":""},"_links":{"self":[{"href":"https:\/\/www.europesays.com\/fr\/wp-json\/wp\/v2\/posts\/311512","targetHints":{"allow":["GET"]}}],"collection":[{"href":"https:\/\/www.europesays.com\/fr\/wp-json\/wp\/v2\/posts"}],"about":[{"href":"https:\/\/www.europesays.com\/fr\/wp-json\/wp\/v2\/types\/post"}],"author":[{"embeddable":true,"href":"https:\/\/www.europesays.com\/fr\/wp-json\/wp\/v2\/users\/2"}],"replies":[{"embeddable":true,"href":"https:\/\/www.europesays.com\/fr\/wp-json\/wp\/v2\/comments?post=311512"}],"version-history":[{"count":0,"href":"https:\/\/www.europesays.com\/fr\/wp-json\/wp\/v2\/posts\/311512\/revisions"}],"wp:featuredmedia":[{"embeddable":true,"href":"https:\/\/www.europesays.com\/fr\/wp-json\/wp\/v2\/media\/311513"}],"wp:attachment":[{"href":"https:\/\/www.europesays.com\/fr\/wp-json\/wp\/v2\/media?parent=311512"}],"wp:term":[{"taxonomy":"category","embeddable":true,"href":"https:\/\/www.europesays.com\/fr\/wp-json\/wp\/v2\/categories?post=311512"},{"taxonomy":"post_tag","embeddable":true,"href":"https:\/\/www.europesays.com\/fr\/wp-json\/wp\/v2\/tags?post=311512"}],"curies":[{"name":"wp","href":"https:\/\/api.w.org\/{rel}","templated":true}]}}