{"id":311514,"date":"2025-08-11T11:54:10","date_gmt":"2025-08-11T11:54:10","guid":{"rendered":"https:\/\/www.europesays.com\/fr\/311514\/"},"modified":"2025-08-11T11:54:10","modified_gmt":"2025-08-11T11:54:10","slug":"une-motarde-a-perdu-la-vie-sur-lautoroute","status":"publish","type":"post","link":"https:\/\/www.europesays.com\/fr\/311514\/","title":{"rendered":"une motarde a perdu la vie sur l&rsquo;autoroute"},"content":{"rendered":"<p>            Par<br \/>\n        <strong><br \/>\n            <a href=\"https:\/\/actu.fr\/auteur\/anaelle-montagne\" title=\"Consulter tous les articles de Anaelle Montagne\" target=\"_blank\" rel=\"noopener\">Anaelle Montagne<\/a><br \/>\n        <\/strong><\/p>\n<p>        Publi\u00e9 le<\/p>\n<p>            11 ao\u00fbt 2025 \u00e0 12h25        <\/p>\n<p>Un nouvel <strong>accident mortel<\/strong> a eu lieu sur <a href=\"https:\/\/actu.fr\/tag\/autoroute-62-a62\" target=\"_blank\" rel=\"noopener\">l\u2019autoroute A62<\/a>, qui relie Toulouse \u00e0 Bordeaux, ce lundi 11 ao\u00fbt 2025 en fin de matin\u00e9e. <strong>Une femme d\u2019environ 50 ans<\/strong>, qui pilotait une moto, a perdu la vie.\u00a0<\/p>\n<p>Un second motard en \u00e9tat de choc<\/p>\n<p class=\" wall-content\">L\u2019accident est survenu au niveau de l\u2019aire d\u2019autoroute du Frontonnais, \u00e0\u00a0proximit\u00e9 de Castelnau-d\u2019Estr\u00e9tefonds.<\/p>\n<p>    <a href=\"https:\/\/www.google.com\/maps\/embed?pb=!1m18!1m12!1m3!1d189704.99073300132!2d1.2823816978386096!3d43.798651507606586!2m3!1f0!2f0!3f0!3m2!1i1024!2i768!4f13.1!3m3!1m2!1s0x12ac02d21d991327%3A0x1202b6f724b95e9b!2sAire%20de%20Frontonnais%20Nord!5e0!3m2!1sen!2sfr!4v1754908536978!5m2!1sen!2sfr\" title=\"Ouvrie le lien\" target=\"_blank\" rel=\"noopener\">Cliquez ici pour visualiser le contenu<\/a><\/p>\n<p class=\" wall-content\"><strong>Un second motard<\/strong>, proche de la victime, a \u00e9galement \u00e9t\u00e9 pris en charge par les secours. Il \u00e9tait en \u00e9tat de choc. \u00ab\u00a0Il roulait avec la victime, mais n\u2019\u00e9tait pas impliqu\u00e9 dans l\u2019accident\u00a0\u00bb, pr\u00e9cise le SDIS31 \u00e0 <a href=\"https:\/\/actu.fr\/toulouse\/\" target=\"_blank\" rel=\"noopener\">Actu Toulouse<\/a>.<\/p>\n<p>Le trafic tr\u00e8s impact\u00e9<\/p>\n<p class=\" wall-content\">Survenu au niveau du kilom\u00e8tre 209 en direction de <a href=\"https:\/\/actu.fr\/occitanie\/montauban_82121\" target=\"_blank\" rel=\"noopener\">Montauban<\/a> et Bordeaux, l\u2019accident <strong>impacte fortement le trafic<\/strong>. \u00ab\u00a0Il continue \u00e0 s\u2019\u00e9couler sur deux voies avec un <strong>bouchon<\/strong> assez long \u00e0 traverser\u00a0\u00bb, d\u00e9taille Vinci Autoroutes.<\/p>\n<p class=\" wall-content\">Bison Fut\u00e9 observe <strong>3,5 kilom\u00e8tres d\u2019embouteillages<\/strong> entre Bouloc et Castelnau-d\u2019Estr\u00e9tefonds \u00e0 12h15.\u00a0<\/p>\n<p>Vid\u00e9os : en ce moment sur Actu<\/p>\n<p class=\" wall-content\">Il s\u2019agit du <a href=\"https:\/\/actu.fr\/occitanie\/toulouse_31555\/un-jeune-de-21-ans-est-mort-dans-un-accident-de-scooter-sur-le-peripherique-de-toulouse_63020497.html\" target=\"_blank\" rel=\"noopener\">second accident mortel ce lundi 11 ao\u00fbt<\/a> sur les routes qui m\u00e8nent \u00e0 Toulouse.<\/p>\n<p class=\" wall-content\">Suivez toute l\u2019actualit\u00e9 de vos villes et m\u00e9dias favoris en vous inscrivant \u00e0 <a href=\"https:\/\/moncompte.actu.fr\" title=\"D\u00e9couvez Mon Actu\" rel=\"nofollow noopener\" data-trk=\"{&quot;cta&quot;:{&quot;action&quot;:&quot;https:\\\/\\\/moncompte.actu.fr&quot;,&quot;category&quot;:&quot;mon compte&quot;,&quot;from&quot;:&quot;article footer&quot;,&quot;name&quot;:&quot;Mon actu&quot;,&quot;type&quot;:&quot;cta&quot;}}\" target=\"_blank\">Mon Actu<\/a>.<\/p>\n","protected":false},"excerpt":{"rendered":"Par Anaelle Montagne Publi\u00e9 le 11 ao\u00fbt 2025 \u00e0 12h25 Un nouvel accident mortel a eu lieu sur&hellip;\n","protected":false},"author":2,"featured_media":311515,"comment_status":"","ping_status":"","sticky":false,"template":"","format":"standard","meta":{"footnotes":""},"categories":[2816],"tags":[1111,11,6343,1777,674,118,1011,27,12,2680,25,2312],"class_list":{"0":"post-311514","1":"post","2":"type-post","3":"status-publish","4":"format-standard","5":"has-post-thumbnail","7":"category-toulouse","8":"tag-actu","9":"tag-actualites","10":"tag-autoroute-62-a62","11":"tag-eu","12":"tag-europe","13":"tag-faits-divers","14":"tag-fr","15":"tag-france","16":"tag-news","17":"tag-occitanie","18":"tag-republique-francaise","19":"tag-toulouse"},"share_on_mastodon":{"url":"https:\/\/pubeurope.com\/@fr\/115010002325556623","error":""},"_links":{"self":[{"href":"https:\/\/www.europesays.com\/fr\/wp-json\/wp\/v2\/posts\/311514","targetHints":{"allow":["GET"]}}],"collection":[{"href":"https:\/\/www.europesays.com\/fr\/wp-json\/wp\/v2\/posts"}],"about":[{"href":"https:\/\/www.europesays.com\/fr\/wp-json\/wp\/v2\/types\/post"}],"author":[{"embeddable":true,"href":"https:\/\/www.europesays.com\/fr\/wp-json\/wp\/v2\/users\/2"}],"replies":[{"embeddable":true,"href":"https:\/\/www.europesays.com\/fr\/wp-json\/wp\/v2\/comments?post=311514"}],"version-history":[{"count":0,"href":"https:\/\/www.europesays.com\/fr\/wp-json\/wp\/v2\/posts\/311514\/revisions"}],"wp:featuredmedia":[{"embeddable":true,"href":"https:\/\/www.europesays.com\/fr\/wp-json\/wp\/v2\/media\/311515"}],"wp:attachment":[{"href":"https:\/\/www.europesays.com\/fr\/wp-json\/wp\/v2\/media?parent=311514"}],"wp:term":[{"taxonomy":"category","embeddable":true,"href":"https:\/\/www.europesays.com\/fr\/wp-json\/wp\/v2\/categories?post=311514"},{"taxonomy":"post_tag","embeddable":true,"href":"https:\/\/www.europesays.com\/fr\/wp-json\/wp\/v2\/tags?post=311514"}],"curies":[{"name":"wp","href":"https:\/\/api.w.org\/{rel}","templated":true}]}}