{"id":311525,"date":"2025-08-11T12:01:17","date_gmt":"2025-08-11T12:01:17","guid":{"rendered":"https:\/\/www.europesays.com\/fr\/311525\/"},"modified":"2025-08-11T12:01:17","modified_gmt":"2025-08-11T12:01:17","slug":"metropole-de-lyon-le-metro-d-a-larret-sur-une-partie-de-la-ligne-pour-cause-dincendie","status":"publish","type":"post","link":"https:\/\/www.europesays.com\/fr\/311525\/","title":{"rendered":"M\u00e9tropole de Lyon. Le m\u00e9tro D \u00e0 l&rsquo;arr\u00eat sur une partie de la ligne pour cause d&rsquo;incendie"},"content":{"rendered":"<p>Perturbation majeure sur la ligne du m\u00e9tro D ce lundi midi. Depuis 13h30, la ligne est coup\u00e9e entre les stations \u201cGare de Vaise &#8211; G\u00e9rard-Collomb\u201d et \u201cGorge-de-Loup\u201d.\u00a0<\/p>\n<p>La circulation ne se fait que de \u201cGare de V\u00e9nissieux\u201d \u00e0 \u201cVieux-Lyon Cath\u00e9drale Saint-Jean\u201d.<\/p>\n<p>  Un incendie en cause<\/p>\n<p>En cause ? Un incendie, selon le site TCL, qui indique \u00e9galement un retour \u00e0 la normale vers 14h30.<\/p>\n<p class=\"note\">Plus d&rsquo;infos \u00e0 venir.<\/p>\n","protected":false},"excerpt":{"rendered":"Perturbation majeure sur la ligne du m\u00e9tro D ce lundi midi. Depuis 13h30, la ligne est coup\u00e9e entre&hellip;\n","protected":false},"author":2,"featured_media":311526,"comment_status":"","ping_status":"","sticky":false,"template":"","format":"standard","meta":{"footnotes":""},"categories":[1889],"tags":[1111,11,2430,3542,2757,1777,674,107,1011,27,2428,12,25,2429,10213,2803],"class_list":{"0":"post-311525","1":"post","2":"type-post","3":"status-publish","4":"format-standard","5":"has-post-thumbnail","7":"category-lyon","8":"tag-actu","9":"tag-actualites","10":"tag-auvergne-rhone-alpes","11":"tag-circulation","12":"tag-edition-lyon-villeurbanne","13":"tag-eu","14":"tag-europe","15":"tag-fil-info","16":"tag-fr","17":"tag-france","18":"tag-lyon","19":"tag-news","20":"tag-republique-francaise","21":"tag-rhone","22":"tag-tcl","23":"tag-transport"},"share_on_mastodon":{"url":"https:\/\/pubeurope.com\/@fr\/115010029729732459","error":""},"_links":{"self":[{"href":"https:\/\/www.europesays.com\/fr\/wp-json\/wp\/v2\/posts\/311525","targetHints":{"allow":["GET"]}}],"collection":[{"href":"https:\/\/www.europesays.com\/fr\/wp-json\/wp\/v2\/posts"}],"about":[{"href":"https:\/\/www.europesays.com\/fr\/wp-json\/wp\/v2\/types\/post"}],"author":[{"embeddable":true,"href":"https:\/\/www.europesays.com\/fr\/wp-json\/wp\/v2\/users\/2"}],"replies":[{"embeddable":true,"href":"https:\/\/www.europesays.com\/fr\/wp-json\/wp\/v2\/comments?post=311525"}],"version-history":[{"count":0,"href":"https:\/\/www.europesays.com\/fr\/wp-json\/wp\/v2\/posts\/311525\/revisions"}],"wp:featuredmedia":[{"embeddable":true,"href":"https:\/\/www.europesays.com\/fr\/wp-json\/wp\/v2\/media\/311526"}],"wp:attachment":[{"href":"https:\/\/www.europesays.com\/fr\/wp-json\/wp\/v2\/media?parent=311525"}],"wp:term":[{"taxonomy":"category","embeddable":true,"href":"https:\/\/www.europesays.com\/fr\/wp-json\/wp\/v2\/categories?post=311525"},{"taxonomy":"post_tag","embeddable":true,"href":"https:\/\/www.europesays.com\/fr\/wp-json\/wp\/v2\/tags?post=311525"}],"curies":[{"name":"wp","href":"https:\/\/api.w.org\/{rel}","templated":true}]}}