{"id":311533,"date":"2025-08-11T12:05:21","date_gmt":"2025-08-11T12:05:21","guid":{"rendered":"https:\/\/www.europesays.com\/fr\/311533\/"},"modified":"2025-08-11T12:05:21","modified_gmt":"2025-08-11T12:05:21","slug":"le-club-na-pas-les-valeurs-quil-faut-labit-lache-ses-verites-apres-son-depart","status":"publish","type":"post","link":"https:\/\/www.europesays.com\/fr\/311533\/","title":{"rendered":"\u00ab Le club n\u2019a pas les valeurs qu\u2019il faut \u00bb, Labit l\u00e2che ses v\u00e9rit\u00e9s apr\u00e8s son d\u00e9part"},"content":{"rendered":"<p>Pour beaucoup et selon plusieurs versions, l&rsquo;ancien entra\u00eeneur des Stadistes a \u00e9t\u00e9 remerci\u00e9 pour diverses raisons, dont l&rsquo;insuffisance de r\u00e9sultats. Mais le principal concern\u00e9 \u00e9voque le contraire. Labit insiste sur le fait que cette d\u00e9cision est le fruit d\u2019une r\u00e9flexion personnelle.<\/p>\n<p>\u00a0<\/p>\n<blockquote>\n<p>\u00ab Je tiens \u00e0 dire que j\u2019ai quitt\u00e9 le club \u00e0 ma demande apr\u00e8s 16 mois de travail acharn\u00e9. Ce n\u2019est pas le club qui m\u2019a \u00e9cart\u00e9, c\u2019est moi qui ai demand\u00e9 \u00e0 \u00eatre lib\u00e9r\u00e9 \u00bb, a tenu \u00e0 clarifier Laurent Labit dans les colonnes du Midi Olympique pour revenir sur son d\u00e9part du Stade Fran\u00e7ais.<\/p>\n<\/blockquote>\n<p>\u00a0<\/p>\n<p>Cependant, il va loin. L&rsquo;homme de 57 ans pr\u00e9cise que sa d\u00e9cision de partir a \u00e9t\u00e9 motiv\u00e9e par un d\u00e9saccord profond avec le fonctionnement interne du club. \u00ab Pour moi, actuellement, le club n\u2019a pas les valeurs, ni le fonctionnement correspondant \u00e0 ma fa\u00e7on de travailler, celle avec laquelle je fonctionne depuis plus de 20 ans \u00bb, ajoute Laurent Labit.<\/p>\n<p>\u00a0<\/p>\n<p>Le v\u00e9ritable probl\u00e8me \u00e9tait ailleurs<\/p>\n<p>\u00a0<\/p>\n<p>Le point de bascule s\u2019est produit apr\u00e8s la d\u00e9faite du Stade Fran\u00e7ais face \u00e0 Toulon, le 22 f\u00e9vrier dernier au Stade Mayol. Mais ce revers n\u2019\u00e9tait pas, selon Labit, le v\u00e9ritable probl\u00e8me. \u00ab La d\u00e9faite \u00e0 Toulon en soi, ce n\u2019\u00e9tait pas l\u00e0, pour moi, le point noir \u00bb, indique ce dernier.<\/p>\n<p>\u00a0<\/p>\n<p>A l&rsquo;en croire, ce sont plut\u00f4t les r\u00e9sultats cumul\u00e9s de cette journ\u00e9e, notamment les victoires du Racing \u00e0 La Rochelle et de Vannes contre Montpellier, qui ont plong\u00e9 le club dans une position d\u00e9licate, \u00ab une place au fond du classement, potentiellement tr\u00e8s dangereuse \u00bb, fait-il savoir. Face \u00e0 cette situation, Labit a pris les choses en main. \u00ab J\u2019insiste, ces r\u00e9unions ont eu lieu sur mon initiative et pas \u00e0 l\u2019initiative de qui que ce soit, comme j\u2019ai pu l\u2019entendre ou le lire \u00bb, dit-il.<\/p>\n<p>\u00a0<\/p>\n<p>Au-del\u00e0 des r\u00e9sultats sportifs, Laurent Labit pointe du doigt des dysfonctionnements structurels qu\u2019il dit avoir observ\u00e9s tout au long de son passage au club. Ces constats l\u2019ont conduit \u00e0 engager un dialogue avec la direction, le staff et les joueurs, avant de poser sa d\u00e9mission. \u00ab Normalement, tout aurait d\u00fb \u00eatre r\u00e9gl\u00e9 (&#8230;) mais \u00e7a n\u2019a pas \u00e9t\u00e9 le cas \u00bb, regrette-t-il dans une sortie m\u00e9diatique qui r\u00e9v\u00e8le les fragilit\u00e9s d\u2019un projet en qu\u00eate de coh\u00e9rence au Stade Fran\u00e7ais.<\/p>\n<p>Partagez cette info avec vos amis et vos proches en cliquant ici<br \/>Pour r\u00e9sumer<\/p>\n<p>Laurent Labit affirme avoir quitt\u00e9 le Stade Fran\u00e7ais de son plein gr\u00e9, d\u00e9non\u00e7ant un fonctionnement incompatible avec ses valeurs. Apr\u00e8s la d\u00e9faite \u00e0 Toulon et des r\u00e9sultats inqui\u00e9tants, il a initi\u00e9 des r\u00e9unions avant de poser sa d\u00e9mission.<\/p>\n<p> <img decoding=\"async\" width=\"76\" height=\"76\" loading=\"lazy\" src=\"https:\/\/www.europesays.com\/fr\/wp-content\/uploads\/2025\/04\/avatar-quinze.png\" alt=\"Voldi Fr\u00e9jus\u00a0Hounvio\"\/><\/p>\n","protected":false},"excerpt":{"rendered":"Pour beaucoup et selon plusieurs versions, l&rsquo;ancien entra\u00eeneur des Stadistes a \u00e9t\u00e9 remerci\u00e9 pour diverses raisons, dont l&rsquo;insuffisance&hellip;\n","protected":false},"author":2,"featured_media":311534,"comment_status":"","ping_status":"","sticky":false,"template":"","format":"standard","meta":{"footnotes":""},"categories":[1888],"tags":[1111,1928,11,1927,1777,674,1011,27,12,1926,626,1925,25],"class_list":{"0":"post-311533","1":"post","2":"type-post","3":"status-publish","4":"format-standard","5":"has-post-thumbnail","7":"category-paris","8":"tag-actu","9":"tag-actu-paris","10":"tag-actualites","11":"tag-actualites-paris","12":"tag-eu","13":"tag-europe","14":"tag-fr","15":"tag-france","16":"tag-news","17":"tag-news-paris","18":"tag-paris","19":"tag-paris-news","20":"tag-republique-francaise"},"share_on_mastodon":{"url":"https:\/\/pubeurope.com\/@fr\/115010045626861948","error":""},"_links":{"self":[{"href":"https:\/\/www.europesays.com\/fr\/wp-json\/wp\/v2\/posts\/311533","targetHints":{"allow":["GET"]}}],"collection":[{"href":"https:\/\/www.europesays.com\/fr\/wp-json\/wp\/v2\/posts"}],"about":[{"href":"https:\/\/www.europesays.com\/fr\/wp-json\/wp\/v2\/types\/post"}],"author":[{"embeddable":true,"href":"https:\/\/www.europesays.com\/fr\/wp-json\/wp\/v2\/users\/2"}],"replies":[{"embeddable":true,"href":"https:\/\/www.europesays.com\/fr\/wp-json\/wp\/v2\/comments?post=311533"}],"version-history":[{"count":0,"href":"https:\/\/www.europesays.com\/fr\/wp-json\/wp\/v2\/posts\/311533\/revisions"}],"wp:featuredmedia":[{"embeddable":true,"href":"https:\/\/www.europesays.com\/fr\/wp-json\/wp\/v2\/media\/311534"}],"wp:attachment":[{"href":"https:\/\/www.europesays.com\/fr\/wp-json\/wp\/v2\/media?parent=311533"}],"wp:term":[{"taxonomy":"category","embeddable":true,"href":"https:\/\/www.europesays.com\/fr\/wp-json\/wp\/v2\/categories?post=311533"},{"taxonomy":"post_tag","embeddable":true,"href":"https:\/\/www.europesays.com\/fr\/wp-json\/wp\/v2\/tags?post=311533"}],"curies":[{"name":"wp","href":"https:\/\/api.w.org\/{rel}","templated":true}]}}