{"id":31154,"date":"2025-04-17T07:46:17","date_gmt":"2025-04-17T07:46:17","guid":{"rendered":"https:\/\/www.europesays.com\/fr\/31154\/"},"modified":"2025-04-17T07:46:17","modified_gmt":"2025-04-17T07:46:17","slug":"a-strasbourg-les-policiers-de-la-brigade-antigang-se-revoltent-et-font-la-greve-du-zele-voici-pourquoi","status":"publish","type":"post","link":"https:\/\/www.europesays.com\/fr\/31154\/","title":{"rendered":"\u00c0 Strasbourg, les policiers de la brigade \u00ab\u00a0antigang\u00a0\u00bb se r\u00e9voltent et font la gr\u00e8ve du z\u00e8le : voici pourquoi"},"content":{"rendered":"<p>            Par<br \/>\n        <strong><br \/>\n            <a href=\"https:\/\/actu.fr\/auteur\/margot-fournie\" title=\"Consulter tous les articles de Margot Fournie\" target=\"_blank\" rel=\"noopener\">Margot Fournie<\/a><br \/>\n        <\/strong><\/p>\n<p>        Publi\u00e9 le<\/p>\n<p>            16 avr. 2025 \u00e0 13h55        <\/p>\n<p>Plus de travail jusqu\u2019\u00e0 pas d\u2019heure. Les 25 policiers de la brigade de recherche et d\u2019intervention (BRI) de <a href=\"https:\/\/actu.fr\/strasbourg\/\" target=\"_blank\" rel=\"noopener\">Strasbourg<\/a> feront dor\u00e9navant <strong>du 8h30-18h<\/strong>, horaires en vigueur dans la police. Seuls les fonctionnaires d\u2019<strong>astreintes resteront mobilisables<\/strong>.<\/p>\n<p class=\" wall-content\">Une <strong>action forte<\/strong>, d\u2019ampleur nationale, pour mettre en lumi\u00e8re leur travail n\u00e9cessaire au <strong>d\u00e9mant\u00e8lement des trafics<\/strong> de <a href=\"https:\/\/actu.fr\/tag\/drogue\" target=\"_blank\" rel=\"noopener\">drogues<\/a> et bien plus.<\/p>\n<p>\u00c0 la BRI, \u00ab\u2009vous sacrifiez votre vie de famille\u2009\u00bb<\/p>\n<p class=\" wall-content\">\u00ab\u2009Lorsque vous rentrez \u00e0 la BRI, vous sacrifiez votre vie de famille <strong>pour pouvoir \u00eatre pleinement investi<\/strong>\u2009\u00bb, avance Sylvain Andr\u00e9, secr\u00e9taire d\u00e9partemental Alliance Police Nationale du Bas-Rhin.<\/p>\n<p class=\" wall-content\">\u00ab\u2009Vous \u00eates en vacances et on vous appelle. Il <strong>faut tout l\u00e2cher<\/strong> pour rejoindre le service. Il est <strong>2h du matin<\/strong> et une de vos balises se d\u00e9clenche, <strong>vous allez au service<\/strong>\u2009\u00bb, illustre le fonctionnaire de police.<\/p>\n<p>Les agents souffrent d\u2019un manque de reconnaissance<\/p>\n<p class=\" wall-content\">Le probl\u00e8me est que face \u00e0 cet investissement de tous les instants, ces agents souffrent d\u2019un manque de reconnaissance.<\/p>\n<p>Vid\u00e9os : en ce moment sur Actu<\/p>\n<p class=\" wall-content\">\u00ab\u2009Cela fait dix ans maintenant qu\u2019ils demandent une <strong>prime de sp\u00e9cialiste<\/strong> comme celle dont b\u00e9n\u00e9ficie le RAID. Ils ne souhaitent <strong>pas une guerre de tranch\u00e9es<\/strong>, mais \u00eatre valoris\u00e9s, qu\u2019on leur accorde de la bienveillance\u2009\u00bb, reprend le syndicaliste.<\/p>\n<p>Les 400 agents ont d\u00e9cid\u00e9 de se faire entendre<\/p>\n<p class=\" wall-content\">Ce ras-le-bol vient d\u2019une phrase prononc\u00e9e par leur directeur g\u00e9n\u00e9ral le 11\u00a0avril. \u00ab\u2009Il les a re\u00e7us dans le cadre de <a href=\"https:\/\/actu.fr\/ile-de-france\/villeneuve-saint-georges_94078\/villeneuve-saint-georges-anotnio-ferrara-figure-du-grand-banditisme-interpelle-lors-d-un-controle-routier_61074312.html\" target=\"_blank\" rel=\"noopener\">l\u2019affaire Ferrera<\/a> et <a href=\"https:\/\/actu.fr\/faits-divers\/mohamed-amra-mises-en-examen-moyens-d-enquete-le-point-de-la-procureure-sur-cette-affaire-tentaculaire_62346549.html\" target=\"_blank\" rel=\"noopener\">l\u2019affaire Mohamed Amra<\/a>. Il leur a dit qu\u2019ils font un <strong>m\u00e9tier passion<\/strong>, en gros qu\u2019ils n\u2019auront <strong>pas de prime<\/strong>\u2009\u00bb, expose Sylvain Andr\u00e9.<\/p>\n<p class=\" wall-content\">Suite \u00e0 cet \u00e9v\u00e8nement, les <strong>400 agents<\/strong> que compte cette brigade ont d\u00e9cid\u00e9 de se faire entendre. Ils ont pr\u00e9vu de <strong>manifester devant le si\u00e8ge de la PJ<\/strong> \u00e0 Nanterre, ce mercredi.<\/p>\n<p class=\" wall-content\">Le secr\u00e9taire d\u00e9partemental Alliance Police Nationale du Bas-Rhin pr\u00e9vient que \u00ab\u2009leur mouvement s\u2019arr\u00eatera quand ils auront obtenu <strong>gain de cause<\/strong>.\u2009\u00bb<\/p>\n<p class=\" wall-content\">Suivez toute l\u2019actualit\u00e9 de vos villes et m\u00e9dias favoris en vous inscrivant \u00e0 <a href=\"https:\/\/moncompte.actu.fr\" title=\"D\u00e9couvez Mon Actu\" rel=\"nofollow noopener\" data-trk=\"{&quot;cta&quot;:{&quot;action&quot;:&quot;https:\\\/\\\/moncompte.actu.fr&quot;,&quot;category&quot;:&quot;mon compte&quot;,&quot;from&quot;:&quot;article footer&quot;,&quot;name&quot;:&quot;Mon actu&quot;,&quot;type&quot;:&quot;cta&quot;}}\" target=\"_blank\">Mon Actu<\/a>.<\/p>\n","protected":false},"excerpt":{"rendered":"Par Margot Fournie Publi\u00e9 le 16 avr. 2025 \u00e0 13h55 Plus de travail jusqu\u2019\u00e0 pas d\u2019heure. Les 25&hellip;\n","protected":false},"author":2,"featured_media":31155,"comment_status":"","ping_status":"","sticky":false,"template":"","format":"standard","meta":{"footnotes":""},"categories":[2820],"tags":[1111,11,1777,674,1011,27,775,6151,813,12,1072,25,104,640],"class_list":{"0":"post-31154","1":"post","2":"type-post","3":"status-publish","4":"format-standard","5":"has-post-thumbnail","7":"category-strasbourg","8":"tag-actu","9":"tag-actualites","10":"tag-eu","11":"tag-europe","12":"tag-fr","13":"tag-france","14":"tag-grand-est","15":"tag-greve","16":"tag-narcotrafiquants","17":"tag-news","18":"tag-police","19":"tag-republique-francaise","20":"tag-societe","21":"tag-strasbourg"},"share_on_mastodon":{"url":"https:\/\/pubeurope.com\/@fr\/114352199003052124","error":""},"_links":{"self":[{"href":"https:\/\/www.europesays.com\/fr\/wp-json\/wp\/v2\/posts\/31154","targetHints":{"allow":["GET"]}}],"collection":[{"href":"https:\/\/www.europesays.com\/fr\/wp-json\/wp\/v2\/posts"}],"about":[{"href":"https:\/\/www.europesays.com\/fr\/wp-json\/wp\/v2\/types\/post"}],"author":[{"embeddable":true,"href":"https:\/\/www.europesays.com\/fr\/wp-json\/wp\/v2\/users\/2"}],"replies":[{"embeddable":true,"href":"https:\/\/www.europesays.com\/fr\/wp-json\/wp\/v2\/comments?post=31154"}],"version-history":[{"count":0,"href":"https:\/\/www.europesays.com\/fr\/wp-json\/wp\/v2\/posts\/31154\/revisions"}],"wp:featuredmedia":[{"embeddable":true,"href":"https:\/\/www.europesays.com\/fr\/wp-json\/wp\/v2\/media\/31155"}],"wp:attachment":[{"href":"https:\/\/www.europesays.com\/fr\/wp-json\/wp\/v2\/media?parent=31154"}],"wp:term":[{"taxonomy":"category","embeddable":true,"href":"https:\/\/www.europesays.com\/fr\/wp-json\/wp\/v2\/categories?post=31154"},{"taxonomy":"post_tag","embeddable":true,"href":"https:\/\/www.europesays.com\/fr\/wp-json\/wp\/v2\/tags?post=31154"}],"curies":[{"name":"wp","href":"https:\/\/api.w.org\/{rel}","templated":true}]}}