{"id":311541,"date":"2025-08-11T12:09:10","date_gmt":"2025-08-11T12:09:10","guid":{"rendered":"https:\/\/www.europesays.com\/fr\/311541\/"},"modified":"2025-08-11T12:09:10","modified_gmt":"2025-08-11T12:09:10","slug":"zelensky-affirme-que-des-concessions-ne-convaincront-pas-la-russie-darreter-la-guerre","status":"publish","type":"post","link":"https:\/\/www.europesays.com\/fr\/311541\/","title":{"rendered":"Zelensky affirme que des \u00abconcessions\u00bb ne convaincront pas la Russie d&rsquo;arr\u00eater la guerre"},"content":{"rendered":"<p>Le pr\u00e9sident ukrainien met en garde contre des concessions accord\u00e9es \u00e0 la Russie qui seraient inacceptables pour l\u2019Ukraine, alors que Vladimir Poutine et Donald Trump doivent se rencontrer en Alaska vendredi.<\/p>\n<p class=\"fig-paragraph\">Le pr\u00e9sident ukrainien\u00a0<a href=\"http:\/\/www.lefigaro.fr\/international\/guerre-en-ukraine-volodymyr-zelensky-reitere-son-appel-pour-une-rencontre-en-face-a-face-avec-vladimir-poutine-20250807\" target=\"_blank\" data-fig-type=\"NewsFlash\" rel=\"noopener\" data-gtm-custom-categorie=\"navigation\" data-gtm-custom-action=\"crossclick\" data-gtm-custom-label=\"Contextuel\" data-gtm-event=\"customEventSPE\" data-fig-domain=\"LEFIGARO\">Volodymyr Zelensky<\/a>\u00a0a appel\u00e9 lundi 11 ao\u00fbt \u00e0 ne pas c\u00e9der aux exigences de\u00a0<a href=\"https:\/\/www.lefigaro.fr\/tag\/vladimir-poutine\" target=\"_blank\" rel=\"sponsored noopener\" data-gtm-custom-categorie=\"navigation\" data-gtm-custom-action=\"crossclick\" data-gtm-custom-label=\"Contextuel\" data-gtm-event=\"customEventSPE\">Vladimir Poutine<\/a>, avant un\u00a0<a href=\"http:\/\/www.lefigaro.fr\/international\/guerre-en-ukraine-ce-que-l-on-sait-de-la-possible-rencontre-entre-donald-trump-et-vladimir-poutine-20250808\" target=\"_blank\" data-fig-type=\"NewsFlash\" rel=\"noopener\" data-gtm-custom-categorie=\"navigation\" data-gtm-custom-action=\"crossclick\" data-gtm-custom-label=\"Contextuel\" data-gtm-event=\"customEventSPE\" data-fig-domain=\"LEFIGARO\">sommet\u00a0<\/a>pr\u00e9vu vendredi 15 ao\u00fbt entre le pr\u00e9sident russe et son homologue am\u00e9ricain\u00a0<a href=\"https:\/\/www.lefigaro.fr\/tag\/donald-trump\" target=\"_blank\" rel=\"sponsored noopener\" data-gtm-custom-categorie=\"navigation\" data-gtm-custom-action=\"crossclick\" data-gtm-custom-label=\"Contextuel\" data-gtm-event=\"customEventSPE\">Donald Trump<\/a>\u00a0en Alaska. L&rsquo;Ukraine craint que cette rencontre, pr\u00e9vue pour l&rsquo;heure sans la participation de Volodymyr Zelensky, n&rsquo;aboutisse \u00e0 un accord qui la forcerait \u00e0 c\u00e9der des parties de son territoire \u00e0 la Russie.<\/p>\n<p class=\"fig-paragraph\">\u00abLa Russie refuse d&rsquo;arr\u00eater les massacres et ne doit donc pas recevoir de r\u00e9compenses ou d&rsquo;avantages. Et ce n&rsquo;est pas seulement une position morale, c&rsquo;est une position rationnelle\u00bb, a d\u00e9clar\u00e9 Volodymyr Zelensky sur Facebook. \u00abLes concessions ne persuadent pas un tueur\u00bb, a-t-il ajout\u00e9.<\/p>\n<p>                                    <a class=\"fig-a11y-skip a11y-hidden\" href=\"#fig-a11y-skip-main-inarticle\"><br \/>\n        Passer la publicit\u00e9<br \/>\n    <\/a><\/p>\n<p class=\"fig-paragraph\">Les ministres des Affaires \u00e9trang\u00e8res de\u00a0<a href=\"http:\/\/www.lefigaro.fr\/international\/guerre-en-ukraine-l-europe-doit-participer-aux-negociations-de-paix-exhorte-volodymyr-zelensky-20250807\" target=\"_blank\" data-fig-type=\"NewsFlash\" rel=\"noopener\" data-gtm-custom-categorie=\"navigation\" data-gtm-custom-action=\"crossclick\" data-gtm-custom-label=\"Contextuel\" data-gtm-event=\"customEventSPE\" data-fig-domain=\"LEFIGARO\">l&rsquo;UE<\/a>\u00a0tiennent des discussions d&rsquo;urgence aujourd\u2019hui pour accorder leurs violons avant la rencontre entre Trump et Poutine, craignant que tout accord conclu sans l&rsquo;Ukraine n&rsquo;oblige \u00e0 des\u00a0<a href=\"http:\/\/www.lefigaro.fr\/international\/donald-trump-prend-le-risque-d-offrir-a-vladimir-poutine-une-victoire-diplomatique-inesperee-20250810\" target=\"_blank\" data-fig-type=\"Article\" rel=\"noopener\" data-gtm-custom-categorie=\"navigation\" data-gtm-custom-action=\"crossclick\" data-gtm-custom-label=\"Contextuel\" data-gtm-event=\"customEventSPE\" data-fig-domain=\"LEFIGARO\">compromis inacceptables<\/a>.<\/p>\n<p class=\"fig-paragraph\">Plus d\u2019informations \u00e0 venir&#8230;<\/p>\n","protected":false},"excerpt":{"rendered":"Le pr\u00e9sident ukrainien met en garde contre des concessions accord\u00e9es \u00e0 la Russie qui seraient inacceptables pour l\u2019Ukraine,&hellip;\n","protected":false},"author":2,"featured_media":311542,"comment_status":"","ping_status":"","sticky":false,"template":"","format":"standard","meta":{"footnotes":""},"categories":[1590],"tags":[11,1777,674,131,12,132,220,135],"class_list":{"0":"post-311541","1":"post","2":"type-post","3":"status-publish","4":"format-standard","5":"has-post-thumbnail","7":"category-ukraine","8":"tag-actualites","9":"tag-eu","10":"tag-europe","11":"tag-guerre-en-ukraine","12":"tag-news","13":"tag-russie","14":"tag-ukraine","15":"tag-vladimir-poutine"},"share_on_mastodon":{"url":"https:\/\/pubeurope.com\/@fr\/115010061480790671","error":""},"_links":{"self":[{"href":"https:\/\/www.europesays.com\/fr\/wp-json\/wp\/v2\/posts\/311541","targetHints":{"allow":["GET"]}}],"collection":[{"href":"https:\/\/www.europesays.com\/fr\/wp-json\/wp\/v2\/posts"}],"about":[{"href":"https:\/\/www.europesays.com\/fr\/wp-json\/wp\/v2\/types\/post"}],"author":[{"embeddable":true,"href":"https:\/\/www.europesays.com\/fr\/wp-json\/wp\/v2\/users\/2"}],"replies":[{"embeddable":true,"href":"https:\/\/www.europesays.com\/fr\/wp-json\/wp\/v2\/comments?post=311541"}],"version-history":[{"count":0,"href":"https:\/\/www.europesays.com\/fr\/wp-json\/wp\/v2\/posts\/311541\/revisions"}],"wp:featuredmedia":[{"embeddable":true,"href":"https:\/\/www.europesays.com\/fr\/wp-json\/wp\/v2\/media\/311542"}],"wp:attachment":[{"href":"https:\/\/www.europesays.com\/fr\/wp-json\/wp\/v2\/media?parent=311541"}],"wp:term":[{"taxonomy":"category","embeddable":true,"href":"https:\/\/www.europesays.com\/fr\/wp-json\/wp\/v2\/categories?post=311541"},{"taxonomy":"post_tag","embeddable":true,"href":"https:\/\/www.europesays.com\/fr\/wp-json\/wp\/v2\/tags?post=311541"}],"curies":[{"name":"wp","href":"https:\/\/api.w.org\/{rel}","templated":true}]}}